{"id":151711,"date":"2025-11-14T13:27:19","date_gmt":"2025-11-14T13:27:19","guid":{"rendered":"https:\/\/www.europesays.com\/pt\/151711\/"},"modified":"2025-11-14T13:27:19","modified_gmt":"2025-11-14T13:27:19","slug":"o-monstro-do-meu-quarto-terror-do-criador-de-hannibal-sera-para-maiores-por-violencia","status":"publish","type":"post","link":"https:\/\/www.europesays.com\/pt\/151711\/","title":{"rendered":"&#8216;O Monstro do meu Quarto&#8217;: Terror do criador de &#8216;Hannibal&#8217; ser\u00e1 para MAIORES por &#8220;viol\u00eancia&#8221;"},"content":{"rendered":"<p>O terror de fantasia \u2018<strong><a href=\"https:\/\/cinepop.com.br\/tag\/o-monstro-do-meu-quarto\/\" title=\"O Monstro do meu Quarto\" rel=\"nofollow noopener\" target=\"_blank\">O Monstro do meu Quarto<\/a><\/strong>\u2018 (<a href=\"https:\/\/cinepop.com.br\/tag\/dust-bunny\/\" title=\"Dust Bunny\" rel=\"nofollow noopener\" target=\"_blank\">Dust Bunny<\/a>), estrelado por <strong><a href=\"https:\/\/cinepop.com.br\/tag\/mads-mikkelsen\/\" title=\"Mads Mikkelsen\" rel=\"nofollow noopener\" target=\"_blank\">Mads Mikkelsen<\/a><\/strong> (\u2018A Ca\u00e7a\u2019), recebeu uma alta classifica\u00e7\u00e3o et\u00e1ria (R) nos EUA, e s\u00f3 poder\u00e1 ser assistido por maiores de idade.<\/p>\n<p><strong>O longa foi classificado pelo MPAA apenas por \u201cviol\u00eancia\u201d.<\/strong><\/p>\n<p>Na trama, uma menina de oito anos pede ao seu vizinho misterioso que ajude a matar o monstro debaixo da cama que ela acredita ter devorado sua fam\u00edlia.<\/p>\n<p>O filme ser\u00e1 lan\u00e7ado nos cinemas nacionais no <strong>dia 19 de mar\u00e7o de 2026<\/strong>, pela <strong>Diamond Films<\/strong>.<\/p>\n<p><strong><a href=\"https:\/\/cinepop.com.br\/tag\/bryan-fuller\/\" title=\"Bryan Fuller\" rel=\"nofollow noopener\" target=\"_blank\">Bryan Fuller<\/a><\/strong>, criador de \u2018<strong>Hannibal<\/strong>\u2018 e \u2018<strong>Pushing Diasies<\/strong>\u2018, \u00e9 respons\u00e1vel pela dire\u00e7\u00e3o \u2013 marcando sua estreia no comando de um longa-metragem.<\/p>\n<p>Confira o trailer e siga o <a href=\"https:\/\/www.youtube.com\/cinepop?sub_confirmation=1\" target=\"_blank\" rel=\"noopener nofollow\"><strong>CinePOP no Youtube<\/strong><\/a>:<\/p>\n<p>\u201cAurora, uma menina de 10 anos, tem um vizinho misterioso (<strong>Mikkelsen<\/strong>) que mata monstros da vida real. Ele \u00e9 um assassino de aluguel. Ent\u00e3o, quando Aurora precisa de ajuda para matar o monstro que ela acredita ter devorado toda a sua fam\u00edlia, ela contrata os servi\u00e7os dele.\u201d<\/p>\n<p>\u201cSuspeitando que seus pais possam ter sido v\u00edtimas de assassinos que o perseguiam, o vizinho de Aurora aceita o trabalho, sentindo-se culpado. Agora, para proteg\u00ea-la, ele precisar\u00e1 lutar contra uma horda de assassinos \u2014 e aceitar que alguns monstros s\u00e3o reais.\u201d<\/p>\n<p>O elenco ainda conta com <strong><a href=\"https:\/\/cinepop.com.br\/tag\/sophie-sloan\/\" title=\"Sophie Sloan\" rel=\"nofollow noopener\" target=\"_blank\">Sophie Sloan<\/a><\/strong>,<strong> <a href=\"https:\/\/cinepop.com.br\/tag\/sigourney-weaver\/\" title=\"Sigourney Weaver\" rel=\"nofollow noopener\" target=\"_blank\">Sigourney Weaver<\/a><\/strong>,<strong>\u00a0<a href=\"https:\/\/cinepop.com.br\/tag\/david-dastmalchian\/\" title=\"David Dastmalchian\" rel=\"nofollow noopener\" target=\"_blank\">David Dastmalchian<\/a><\/strong>,<strong> <a href=\"https:\/\/cinepop.com.br\/tag\/rebecca-henderson\/\" title=\"Rebecca Henderson\" rel=\"nofollow noopener\" target=\"_blank\">Rebecca Henderson<\/a> <\/strong>e<strong>\u00a0<a href=\"https:\/\/cinepop.com.br\/tag\/sheila-atim\/\" title=\"Sheila Atim\" rel=\"nofollow noopener\" target=\"_blank\">Sheila Atim<\/a><\/strong>.<\/p>\n<p><img fetchpriority=\"high\" decoding=\"async\" class=\"alignnone wp-image-691329\" src=\"https:\/\/www.europesays.com\/pt\/wp-content\/uploads\/2025\/09\/dust-bunny-poster.webp.webp\" alt=\"\" width=\"1045\" height=\"1548\"  \/><\/p>\n","protected":false},"excerpt":{"rendered":"O terror de fantasia \u2018O Monstro do meu Quarto\u2018 (Dust Bunny), estrelado por Mads Mikkelsen (\u2018A Ca\u00e7a\u2019), recebeu&hellip;\n","protected":false},"author":2,"featured_media":151712,"comment_status":"","ping_status":"","sticky":false,"template":"","format":"standard","meta":{"footnotes":""},"categories":[140],"tags":[17609,17610,32879,114,115,147,148,13536,146,32880,32,33,17612,17613,17614,17615],"class_list":{"0":"post-151711","1":"post","2":"type-post","3":"status-publish","4":"format-standard","5":"has-post-thumbnail","7":"category-filmes","8":"tag-bryan-fuller","9":"tag-david-dastmalchian","10":"tag-dust-bunny","11":"tag-entertainment","12":"tag-entretenimento","13":"tag-film","14":"tag-filmes","15":"tag-mads-mikkelsen","16":"tag-movies","17":"tag-o-monstro-do-meu-quarto","18":"tag-portugal","19":"tag-pt","20":"tag-rebecca-henderson","21":"tag-sheila-atim","22":"tag-sigourney-weaver","23":"tag-sophie-sloan"},"share_on_mastodon":{"url":"https:\/\/pubeurope.com\/@pt\/115548287789153665","error":""},"_links":{"self":[{"href":"https:\/\/www.europesays.com\/pt\/wp-json\/wp\/v2\/posts\/151711","targetHints":{"allow":["GET"]}}],"collection":[{"href":"https:\/\/www.europesays.com\/pt\/wp-json\/wp\/v2\/posts"}],"about":[{"href":"https:\/\/www.europesays.com\/pt\/wp-json\/wp\/v2\/types\/post"}],"author":[{"embeddable":true,"href":"https:\/\/www.europesays.com\/pt\/wp-json\/wp\/v2\/users\/2"}],"replies":[{"embeddable":true,"href":"https:\/\/www.europesays.com\/pt\/wp-json\/wp\/v2\/comments?post=151711"}],"version-history":[{"count":0,"href":"https:\/\/www.europesays.com\/pt\/wp-json\/wp\/v2\/posts\/151711\/revisions"}],"wp:featuredmedia":[{"embeddable":true,"href":"https:\/\/www.europesays.com\/pt\/wp-json\/wp\/v2\/media\/151712"}],"wp:attachment":[{"href":"https:\/\/www.europesays.com\/pt\/wp-json\/wp\/v2\/media?parent=151711"}],"wp:term":[{"taxonomy":"category","embeddable":true,"href":"https:\/\/www.europesays.com\/pt\/wp-json\/wp\/v2\/categories?post=151711"},{"taxonomy":"post_tag","embeddable":true,"href":"https:\/\/www.europesays.com\/pt\/wp-json\/wp\/v2\/tags?post=151711"}],"curies":[{"name":"wp","href":"https:\/\/api.w.org\/{rel}","templated":true}]}}