{"id":151715,"date":"2025-11-14T13:29:09","date_gmt":"2025-11-14T13:29:09","guid":{"rendered":"https:\/\/www.europesays.com\/pt\/151715\/"},"modified":"2025-11-14T13:29:09","modified_gmt":"2025-11-14T13:29:09","slug":"alimentos-ultraprocessados-podem-aumentar-cancros-colorretais-entre-jovens-alertam-cientistas","status":"publish","type":"post","link":"https:\/\/www.europesays.com\/pt\/151715\/","title":{"rendered":"Alimentos ultraprocessados podem aumentar cancros colorretais entre jovens, alertam cientistas"},"content":{"rendered":"<p>Cientistas identificaram um poss\u00edvel fator por detr\u00e1s do aumento global dos cancros do c\u00f3lon e do reto entre jovens: alimentos ultraprocessados.<\/p>\n<p>Alimentos ultraprocessados, isto \u00e9, produtos prontos a consumir como snacks embalados, p\u00e3es produzidos em massa, cereais de pequeno-almo\u00e7o a\u00e7ucarados, noodles instant\u00e2neos e pizzas congeladas, passaram a representar uma fatia crescente da nossa alimenta\u00e7\u00e3o nas \u00faltimas d\u00e9cadas.<\/p>\n<p>Observa-se um aumento paralelo dos cancros colorretais, antes vistos como doen\u00e7as da velhice, diagnosticados antes dos 50 anos. Estes doentes tendem a ser diagnosticados em fases mais avan\u00e7adas e t\u00eam pior sobreviv\u00eancia, levando os investigadores a olhar mais de perto para o impacto das mudan\u00e7as na dieta na nossa sa\u00fade.<\/p>\n<p>No estudo mais recente, os investigadores analisaram a alimenta\u00e7\u00e3o e os resultados de endoscopias de mais de 29 mil mulheres nos Estados Unidos. Tinham acesso a mais de duas d\u00e9cadas de dados de sa\u00fade, o que permitiu acompanhar a evolu\u00e7\u00e3o destas mulheres ao longo do tempo.<\/p>\n<p>Mulheres que consumiam mais alimentos ultraprocessados tinham um risco 45 por cento superior de desenvolver adenomas, crescimentos ou p\u00f3lipos no c\u00f3lon e no reto que podem evoluir para cancro, face \u00e0s que consumiam menos.<\/p>\n<p>A maioria dos p\u00f3lipos \u00e9 benigna, mas alguns crescem e podem transformar-se em cancro, geralmente ao longo de v\u00e1rios anos.<\/p>\n<p>\u201cO risco acrescido parece ser bastante linear, ou seja, quanto mais alimentos ultraprocessados se consomem, maior a probabilidade de surgirem p\u00f3lipos no c\u00f3lon\u201d, disse em comunicado o Dr. Andrew Chan, um dos autores do estudo e gastroenterologista no Mass General Brigham Cancer Institute, nos Estados Unidos.<\/p>\n<p>Chan afirmou que reduzir o consumo de ultraprocessados, tipicamente ricos em a\u00e7\u00facar, sal, gordura saturada e aditivos, pode ajudar a \u201cmitigar o crescente peso do cancro colorretal de in\u00edcio precoce\u201d.<\/p>\n<p>Importa notar que n\u00e3o se encontrou liga\u00e7\u00e3o entre consumo de ultraprocessados e les\u00f5es serrilhadas, outro precursor de cancro colorretal.<\/p>\n<p>Os resultados mantiveram-se mesmo quando os investigadores tiveram em conta outros fatores de risco para cancro colorretal, incluindo obesidade e baixo consumo de fibra.<\/p>\n<p>O estudo, publicado na revista <a href=\"https:\/\/jamanetwork.com\/journals\/jama\/fullarticle\/10.1001\/jamaoncol.2025.4777?utm%5Fcampaign=articlePDF%26utm%5Fmedium=articlePDFlink%26utm%5Fsource=articlePDF%26utm%5Fcontent=jamaoncol.2025.4777\" target=\"_blank\" rel=\"noreferrer nofollow noopener\"><strong>JAMA Oncology<\/strong><\/a>, n\u00e3o prova que os ultraprocessados causem cancro. Mas oferece pistas sobre como a dieta pode afetar os riscos para a sa\u00fade.<\/p>\n<p>Os investigadores continuam a explorar outros fatores n\u00e3o alimentares que possam ajudar a explicar a subida dos casos de cancro colorretal de in\u00edcio precoce. Querem tamb\u00e9m saber se alguns ultraprocessados poder\u00e3o ser mais nocivos do que outros, dado que a categoria abrange uma grande variedade de produtos.<\/p>\n<p>No estudo, a maior parte do consumo de ultraprocessados entre as mulheres adveio de p\u00e3es e produtos de pequeno-almo\u00e7o ultraprocessados, molhos, pastas para barrar, condimentos e bebidas ado\u00e7adas com a\u00e7\u00facar ou com ado\u00e7antes artificiais, como refrigerantes.<\/p>\n<p>\u201cA alimenta\u00e7\u00e3o n\u00e3o explica totalmente porque observamos esta tend\u00eancia: vemos muitos doentes na nossa cl\u00ednica com cancro do c\u00f3lon de in\u00edcio precoce que seguem dietas muito saud\u00e1veis\u201d, disse Chan.<\/p>\n","protected":false},"excerpt":{"rendered":"Cientistas identificaram um poss\u00edvel fator por detr\u00e1s do aumento global dos cancros do c\u00f3lon e do reto entre&hellip;\n","protected":false},"author":2,"featured_media":151716,"comment_status":"","ping_status":"","sticky":false,"template":"","format":"standard","meta":{"footnotes":""},"categories":[86],"tags":[1207,116,12207,32,33,117,7172],"class_list":{"0":"post-151715","1":"post","2":"type-post","3":"status-publish","4":"format-standard","5":"has-post-thumbnail","7":"category-saude","8":"tag-cancro","9":"tag-health","10":"tag-investigacao-do-cancro","11":"tag-portugal","12":"tag-pt","13":"tag-saude","14":"tag-saude-alimentar"},"share_on_mastodon":{"url":"https:\/\/pubeurope.com\/@pt\/115548295217894012","error":""},"_links":{"self":[{"href":"https:\/\/www.europesays.com\/pt\/wp-json\/wp\/v2\/posts\/151715","targetHints":{"allow":["GET"]}}],"collection":[{"href":"https:\/\/www.europesays.com\/pt\/wp-json\/wp\/v2\/posts"}],"about":[{"href":"https:\/\/www.europesays.com\/pt\/wp-json\/wp\/v2\/types\/post"}],"author":[{"embeddable":true,"href":"https:\/\/www.europesays.com\/pt\/wp-json\/wp\/v2\/users\/2"}],"replies":[{"embeddable":true,"href":"https:\/\/www.europesays.com\/pt\/wp-json\/wp\/v2\/comments?post=151715"}],"version-history":[{"count":0,"href":"https:\/\/www.europesays.com\/pt\/wp-json\/wp\/v2\/posts\/151715\/revisions"}],"wp:featuredmedia":[{"embeddable":true,"href":"https:\/\/www.europesays.com\/pt\/wp-json\/wp\/v2\/media\/151716"}],"wp:attachment":[{"href":"https:\/\/www.europesays.com\/pt\/wp-json\/wp\/v2\/media?parent=151715"}],"wp:term":[{"taxonomy":"category","embeddable":true,"href":"https:\/\/www.europesays.com\/pt\/wp-json\/wp\/v2\/categories?post=151715"},{"taxonomy":"post_tag","embeddable":true,"href":"https:\/\/www.europesays.com\/pt\/wp-json\/wp\/v2\/tags?post=151715"}],"curies":[{"name":"wp","href":"https:\/\/api.w.org\/{rel}","templated":true}]}}