{"id":151721,"date":"2025-11-14T13:35:13","date_gmt":"2025-11-14T13:35:13","guid":{"rendered":"https:\/\/www.europesays.com\/pt\/151721\/"},"modified":"2025-11-14T13:35:13","modified_gmt":"2025-11-14T13:35:13","slug":"cristiano-ronaldo-dispensado-da-selecao-nacional-2","status":"publish","type":"post","link":"https:\/\/www.europesays.com\/pt\/151721\/","title":{"rendered":"Cristiano Ronaldo dispensado da Sele\u00e7\u00e3o Nacional"},"content":{"rendered":"<p>\t                Capit\u00e3o foi expulso contra a Irlanda e n\u00e3o vai seguir com o resto da comitiva no regresso a Portugal<\/p>\n<p>Cristiano Ronaldo foi dispensado da Sele\u00e7\u00e3o Nacional.<\/p>\n<p>O capit\u00e3o foi expulso na derrota de Portugal <a href=\"https:\/\/maisfutebol.iol.pt\/jogo\/aominuto\/republica-da-irlanda\/portugal\/13820863\" rel=\"nofollow noopener\" target=\"_blank\">frente \u00e0 Irlanda (2-0)<\/a>, em Dublin,\u00a0 e n\u00e3o vai defrontar a Arm\u00e9nia, no domingo, no Est\u00e1dio do Drag\u00e3o, no Porto.<\/p>\n<p>Desta forma, Ronaldo foi dispensado da Sele\u00e7\u00e3o e n\u00e3o segue com o resto da comitiva no regresso a Portugal.<\/p>\n<p>O cart\u00e3o vermelho frente \u00e0 Irlanda foi <a href=\"https:\/\/maisfutebol.iol.pt\/cristiano-ronaldo\/ronaldo\/video-a-expulsao-de-cristiano-ronaldo-com-recurso-ao-var\" rel=\"nofollow noopener\" target=\"_blank\">o primeiro de sempre de Cristiano Ronaldo em 225 internacionaliza\u00e7\u00f5es pela Sele\u00e7\u00e3o<\/a>.<\/p>\n<p>Apesar da derrota na Irlanda, na noite de quinta-feira, a Sele\u00e7\u00e3o Nacional continua a liderar o Grupo pode garantir o apuramento direto para o Mundial, no pr\u00f3ximo domingo, no Est\u00e1dio do Drag\u00e3o, <a href=\"https:\/\/maisfutebol.iol.pt\/jogo\/portugal\/armenia\/13820845\" rel=\"nofollow noopener\" target=\"_blank\">na rece\u00e7\u00e3o \u00e0 Arm\u00e9nia, num jogo que pode acompanhar AO MINUTO no <strong>Maisfutebol<\/strong><\/a>.<\/p>\n","protected":false},"excerpt":{"rendered":"Capit\u00e3o foi expulso contra a Irlanda e n\u00e3o vai seguir com o resto da comitiva no regresso a&hellip;\n","protected":false},"author":2,"featured_media":151722,"comment_status":"","ping_status":"","sticky":false,"template":"","format":"standard","meta":{"footnotes":""},"categories":[8],"tags":[609,836,611,8240,27,28,607,608,333,832,604,667,135,610,32872,476,15,16,301,830,14,603,25,26,570,21,22,831,833,12632,62,834,12,13,19,20,835,602,52,32,23,24,33,669,4338,17,18,29,30,31],"class_list":{"0":"post-151721","1":"post","2":"type-post","3":"status-publish","4":"format-standard","5":"has-post-thumbnail","7":"category-principais-noticias","8":"tag-alerta","9":"tag-analise","10":"tag-ao-minuto","11":"tag-armenia","12":"tag-breaking-news","13":"tag-breakingnews","14":"tag-cnn","15":"tag-cnn-portugal","16":"tag-comentadores","17":"tag-costa","18":"tag-crime","19":"tag-cristiano-ronaldo","20":"tag-desporto","21":"tag-direto","22":"tag-dispensado","23":"tag-economia","24":"tag-featured-news","25":"tag-featurednews","26":"tag-governo","27":"tag-guerra","28":"tag-headlines","29":"tag-justica","30":"tag-latest-news","31":"tag-latestnews","32":"tag-live","33":"tag-main-news","34":"tag-mainnews","35":"tag-mais-vistas","36":"tag-marcelo","37":"tag-mundial-2026","38":"tag-mundo","39":"tag-negocios","40":"tag-news","41":"tag-noticias","42":"tag-noticias-principais","43":"tag-noticiasprincipais","44":"tag-opiniao","45":"tag-pais","46":"tag-politica","47":"tag-portugal","48":"tag-principais-noticias","49":"tag-principaisnoticias","50":"tag-pt","51":"tag-ronaldo","52":"tag-selecao","53":"tag-top-stories","54":"tag-topstories","55":"tag-ultimas","56":"tag-ultimas-noticias","57":"tag-ultimasnoticias"},"share_on_mastodon":{"url":"","error":"Validation failed: Text character limit of 500 exceeded"},"_links":{"self":[{"href":"https:\/\/www.europesays.com\/pt\/wp-json\/wp\/v2\/posts\/151721","targetHints":{"allow":["GET"]}}],"collection":[{"href":"https:\/\/www.europesays.com\/pt\/wp-json\/wp\/v2\/posts"}],"about":[{"href":"https:\/\/www.europesays.com\/pt\/wp-json\/wp\/v2\/types\/post"}],"author":[{"embeddable":true,"href":"https:\/\/www.europesays.com\/pt\/wp-json\/wp\/v2\/users\/2"}],"replies":[{"embeddable":true,"href":"https:\/\/www.europesays.com\/pt\/wp-json\/wp\/v2\/comments?post=151721"}],"version-history":[{"count":0,"href":"https:\/\/www.europesays.com\/pt\/wp-json\/wp\/v2\/posts\/151721\/revisions"}],"wp:featuredmedia":[{"embeddable":true,"href":"https:\/\/www.europesays.com\/pt\/wp-json\/wp\/v2\/media\/151722"}],"wp:attachment":[{"href":"https:\/\/www.europesays.com\/pt\/wp-json\/wp\/v2\/media?parent=151721"}],"wp:term":[{"taxonomy":"category","embeddable":true,"href":"https:\/\/www.europesays.com\/pt\/wp-json\/wp\/v2\/categories?post=151721"},{"taxonomy":"post_tag","embeddable":true,"href":"https:\/\/www.europesays.com\/pt\/wp-json\/wp\/v2\/tags?post=151721"}],"curies":[{"name":"wp","href":"https:\/\/api.w.org\/{rel}","templated":true}]}}