{"id":151726,"date":"2025-11-14T13:41:10","date_gmt":"2025-11-14T13:41:10","guid":{"rendered":"https:\/\/www.europesays.com\/pt\/151726\/"},"modified":"2025-11-14T13:41:10","modified_gmt":"2025-11-14T13:41:10","slug":"documentario-sobre-artesas-gauchas-da-la-comeca-gravacoes","status":"publish","type":"post","link":"https:\/\/www.europesays.com\/pt\/151726\/","title":{"rendered":"document\u00e1rio sobre artes\u00e3s ga\u00fachas da l\u00e3 come\u00e7a grava\u00e7\u00f5es"},"content":{"rendered":"<p>A Gloriosa Filmes d\u00e1 in\u00edcio \u00e0 produ\u00e7\u00e3o de &#8220;Linhas da Terra e do Tempo&#8221;, longa documental sobre as mulheres e o artesanato da l\u00e3 do extremo Sul do Brasil. As filmagens acontecem de 9 de novembro a 5 de dezembro nas cidades ga\u00fachas de Bag\u00e9, Ca\u00e7apava do Sul, Cambar\u00e1 do Sul, Jaguar\u00e3o, Lavras do Sul, Mostardas, Pinheiro Machado, S\u00e3o Gabriel e S\u00e3o Miguel das Miss\u00f5es. A dire\u00e7\u00e3o \u00e9 de Tatiana Lohmann, enquanto a produ\u00e7\u00e3o executiva \u00e9 assinada por K\u00e1tia Samara. A previs\u00e3o de lan\u00e7amento est\u00e1 prevista para 2027.<\/p>\n<p>A produ\u00e7\u00e3o ir\u00e1 registrar as ideias, os sentimentos e o trabalho incessante de cerca de 20 personagens marcantes de uma tradi\u00e7\u00e3o enraizada no cora\u00e7\u00e3o da cultura ga\u00facha e suas artes\u00e3s. Na Campanha e Fronteira Sul, as profissionais da l\u00e3 tran\u00e7am, costuram e bordam artefatos que as fortalecem como mulheres e cidad\u00e3s. O projeto &#8220;Linhas da Terra e do Tempo&#8221; surge neste contexto para resgatar e valorizar toda a cadeia produtiva da l\u00e3 no Rio Grande do Sul.<\/p>\n<p>&#8220;Neste filme, as mulheres s\u00e3o o foco, mulheres cuja lida \u00e9 com outros seres da terra, as ovelhas, e a l\u00e3 que elas nos oferecem para aquecer e proteger. Tenho, assim, a sorte de aprofundar minha aprendizagem com o Pampa e com o Brasil, por onde j\u00e1 viajei tanto nestes 36 anos como documentarista&#8221;, explica a diretora carioca Tatiana Lohmann. &#8220;Profiss\u00e3o que amo, por me colocar em contato, a cada vez, com novos mundos e hist\u00f3rias. Ser documentarista \u00e9 se deixar permear por outros universos, \u00e9 se interessar pela alteridade. \u00c9 processo de cria\u00e7\u00e3o a partir de escuta. E ouvir mulheres &#8211; que tivemos nossas hist\u00f3rias tantas vezes apagadas e silenciadas &#8211; \u00e9 parte de uma reconstru\u00e7\u00e3o coletiva das mais necess\u00e1rias&#8221;, complementa.<\/p>\n<p>Com uma equipe diversa e uma estrutura sustent\u00e1vel de produ\u00e7\u00e3o, est\u00e3o previstas 22 di\u00e1rias de grava\u00e7\u00e3o divididas entre as nove cidades e campos, em regi\u00f5es pr\u00f3ximas \u00e0 fronteira entre Brasil, Argentina e Uruguai. As grava\u00e7\u00f5es come\u00e7aram em S\u00e3o Miguel das Miss\u00f5es, nos dias 9, 10 e 11 de outubro, e de l\u00e1 seguiu para S\u00e3o Gabriel, no dia 12, seguido de Minas do Camaqu\u00e3 (Ca\u00e7apava do Sul), no dia 13, e Lavras do Sul, de 14 a 17, e Bag\u00e9, de 18 a 20. A produ\u00e7\u00e3o \u00e9 retomada no dia 24 em Pinheiro Machado e depois em Jaguar\u00e3o, nos dias 26 a 27, e Mostardas, no dia 29. A produ\u00e7\u00e3o segue para Cambar\u00e1 do Sul, onde fica de 30 de novembro a 5 de dezembro.<\/p>\n<p>&#8220;Em nosso Estado, temos muitas pr\u00e1ticas que s\u00e3o passadas de gera\u00e7\u00e3o em gera\u00e7\u00e3o e que al\u00e9m de se tornarem patrim\u00f4nio cultural, refor\u00e7am a identidade da mulher ga\u00facha&#8221;, destaca a produtora K\u00e1tia Samara. &#8220;Este \u00e9 o caso do saber e fazer da l\u00e3 de ovelha. Desde o cuidado com os animais no campo, passando pela tosquia, beneficiamento e o posterior desenvolvimento de produtos artesanais feitos com este material, toda a cadeia possui esta conex\u00e3o com nossa hist\u00f3ria e nossos costumes&#8221;, conclui.<\/p>\n<p>O filme ir\u00e1 registrar as paisagens naturais e urbanas de cada uma das nove localidade, as artes\u00e3s e seus cotidianos. Ser\u00e3o tamb\u00e9m documentadas as diferentes etapas do trabalho com a l\u00e3, desde a tosquia, a limpeza e lavagem, o molho, a secagem ao sol, o pentear, o fiar, a roca, o tear, at\u00e9 os produtos em formas e cores diversas. Os objetos usados na manufatura guardam marcas do passado. Tudo permeado por mem\u00f3rias e expressando modos de vida \u00fanicos no mundo todo.<\/p>\n<p>\u201cLinhas da Terra e do Tempo\u201d tem Patroc\u00ednio Nubank, atrav\u00e9s da Ancine \/ Lei do Audiovisual.<\/p>\n<p>Veja Tamb\u00e9m<\/p>\n","protected":false},"excerpt":{"rendered":"A Gloriosa Filmes d\u00e1 in\u00edcio \u00e0 produ\u00e7\u00e3o de &#8220;Linhas da Terra e do Tempo&#8221;, longa documental sobre as&hellip;\n","protected":false},"author":2,"featured_media":151727,"comment_status":"","ping_status":"","sticky":false,"template":"","format":"standard","meta":{"footnotes":""},"categories":[140],"tags":[3428,470,32881,1414,114,115,147,148,20346,32883,146,32,33,32882],"class_list":{"0":"post-151726","1":"post","2":"type-post","3":"status-publish","4":"format-standard","5":"has-post-thumbnail","7":"category-filmes","8":"tag-arte-agenda","9":"tag-cinema","10":"tag-cinema-gaucho","11":"tag-documentario","12":"tag-entertainment","13":"tag-entretenimento","14":"tag-film","15":"tag-filmes","16":"tag-la","17":"tag-linhas-da-terra-e-do-tempo","18":"tag-movies","19":"tag-portugal","20":"tag-pt","21":"tag-tatiana-lohmann"},"share_on_mastodon":{"url":"https:\/\/pubeurope.com\/@pt\/115548342384215893","error":""},"_links":{"self":[{"href":"https:\/\/www.europesays.com\/pt\/wp-json\/wp\/v2\/posts\/151726","targetHints":{"allow":["GET"]}}],"collection":[{"href":"https:\/\/www.europesays.com\/pt\/wp-json\/wp\/v2\/posts"}],"about":[{"href":"https:\/\/www.europesays.com\/pt\/wp-json\/wp\/v2\/types\/post"}],"author":[{"embeddable":true,"href":"https:\/\/www.europesays.com\/pt\/wp-json\/wp\/v2\/users\/2"}],"replies":[{"embeddable":true,"href":"https:\/\/www.europesays.com\/pt\/wp-json\/wp\/v2\/comments?post=151726"}],"version-history":[{"count":0,"href":"https:\/\/www.europesays.com\/pt\/wp-json\/wp\/v2\/posts\/151726\/revisions"}],"wp:featuredmedia":[{"embeddable":true,"href":"https:\/\/www.europesays.com\/pt\/wp-json\/wp\/v2\/media\/151727"}],"wp:attachment":[{"href":"https:\/\/www.europesays.com\/pt\/wp-json\/wp\/v2\/media?parent=151726"}],"wp:term":[{"taxonomy":"category","embeddable":true,"href":"https:\/\/www.europesays.com\/pt\/wp-json\/wp\/v2\/categories?post=151726"},{"taxonomy":"post_tag","embeddable":true,"href":"https:\/\/www.europesays.com\/pt\/wp-json\/wp\/v2\/tags?post=151726"}],"curies":[{"name":"wp","href":"https:\/\/api.w.org\/{rel}","templated":true}]}}