{"id":15173,"date":"2025-08-04T07:52:11","date_gmt":"2025-08-04T07:52:11","guid":{"rendered":"https:\/\/www.europesays.com\/pt\/15173\/"},"modified":"2025-08-04T07:52:11","modified_gmt":"2025-08-04T07:52:11","slug":"morre-ator-mauricio-silveira-aos-48-anos","status":"publish","type":"post","link":"https:\/\/www.europesays.com\/pt\/15173\/","title":{"rendered":"Morre ator Mauricio Silveira aos 48 anos"},"content":{"rendered":"<p><img fetchpriority=\"high\" decoding=\"async\" class=\"w-fit lg:w-full\" loading=\"eager\" src=\"https:\/\/www.europesays.com\/pt\/wp-content\/uploads\/2025\/08\/5357645_415d948076ef5c3.jpg\" title=\"@mauriciosilveiraoficial \/ Instagram \/ Reprodu\u00e7\u00e3o\" alt=\"@mauriciosilveiraoficial \/ Instagram \/ Reprodu\u00e7\u00e3o\" width=\"700\" height=\"477\"\/>Ator ficou conhecido pela atua\u00e7\u00e3o em &#8220;Cobras &amp; Lagartos&#8221;.&#13;@mauriciosilveiraoficial \/ Instagram \/ Reprodu\u00e7\u00e3o<\/p>\n<p>Morreu neste domingo (3) aos 48 anos, o ator <strong>Mauricio Silveira<\/strong>. O <a href=\"https:\/\/gauchazh.clicrbs.com.br\/viral\/noticia\/2025\/07\/mauricio-silveira-ex-ator-da-globo-entra-em-coma-apos-cirurgia-para-retirada-de-tumor-cmdnbagdx003x016gz6m8jxnc.html\" rel=\"nofollow noopener\" target=\"_blank\"><strong>artista estava em coma induzido<\/strong><\/a> por complica\u00e7\u00f5es de uma cirurgia para retirada de um tumor no intestino. A not\u00edcia foi confirmada nas redes sociais de Mauricio.<\/p>\n<p>O vel\u00f3rio do ator foi realizado neste domingo, no Cemit\u00e9rio Jardim da Saudade, no Jardim Sulacap, no Rio de Janeiro.<\/p>\n<p>Mauricio j\u00e1 havia atuado em diversas novelas da Rede Globo, como Cobras &amp; Lagartos (2006), Fa\u00e7a Sua Hist\u00f3ria (2008) e Insensato Cora\u00e7\u00e3o (2011). Ele tamb\u00e9m colecionou contribui\u00e7\u00f5es ao teatro e ao audiovisual.<\/p>\n<p>Mauricio era ator, diretor e CEO da oficina de teatro e audiovisual MS Produ\u00e7\u00f5es, respons\u00e1vel por espet\u00e1culos como Blue Man e Eu Matei Nelson Rodrigues, no qual tamb\u00e9m atuou.<\/p>\n<p><strong>Tratamento contra c\u00e2ncer no intestino<\/strong><\/p>\n<p>O artista estava em coma induzido para tratar uma infec\u00e7\u00e3o. Theo Becker, que tamb\u00e9m \u00e9 ator e amigo pessoal de Mauricio, pediu em seu Instagram para que f\u00e3s e seguidores torcessem pela recupera\u00e7\u00e3o. O v\u00eddeo, postado no \u00faltimo domingo (27), viralizou.<\/p>\n<p>&#8220;Quero pedir ora\u00e7\u00f5es para um grande amigo meu, Mauricio Silveira. O m\u00e9dico fez um exame e descobriu um c\u00e2ncer no intestino. Um c\u00e2ncer agressivo demais. Ele est\u00e1 entre a vida e a morte&#8221;, disse Theo na ocasi\u00e3o.<\/p>\n<p>Na \u00faltima quinta (31), a fam\u00edlia de Mauricio informou que o estado de sa\u00fade do ator havia piorado e pediu por doa\u00e7\u00f5es de sangue. Na ocasi\u00e3o, ele recebeu o apoio de diversos colegas de profiss\u00e3o.<\/p>\n<p>&#8220;Toda for\u00e7a e energia de cura&#8221;, escreveu Eriberto Le\u00e3o. &#8220;Estou orando por voc\u00ea, querido&#8221;, comentou a atriz Ellen Roche.<\/p>\n","protected":false},"excerpt":{"rendered":"Ator ficou conhecido pela atua\u00e7\u00e3o em &#8220;Cobras &amp; Lagartos&#8221;.&#13;@mauriciosilveiraoficial \/ Instagram \/ Reprodu\u00e7\u00e3o Morreu neste domingo (3) aos&hellip;\n","protected":false},"author":2,"featured_media":15174,"comment_status":"","ping_status":"","sticky":false,"template":"","format":"standard","meta":{"footnotes":""},"categories":[145],"tags":[211,210,114,115,6048,1535,32,33],"class_list":{"0":"post-15173","1":"post","2":"type-post","3":"status-publish","4":"format-standard","5":"has-post-thumbnail","7":"category-celebridades","8":"tag-celebridades","9":"tag-celebrities","10":"tag-entertainment","11":"tag-entretenimento","12":"tag-estadao-conteudo","13":"tag-obituario","14":"tag-portugal","15":"tag-pt"},"share_on_mastodon":{"url":"","error":""},"_links":{"self":[{"href":"https:\/\/www.europesays.com\/pt\/wp-json\/wp\/v2\/posts\/15173","targetHints":{"allow":["GET"]}}],"collection":[{"href":"https:\/\/www.europesays.com\/pt\/wp-json\/wp\/v2\/posts"}],"about":[{"href":"https:\/\/www.europesays.com\/pt\/wp-json\/wp\/v2\/types\/post"}],"author":[{"embeddable":true,"href":"https:\/\/www.europesays.com\/pt\/wp-json\/wp\/v2\/users\/2"}],"replies":[{"embeddable":true,"href":"https:\/\/www.europesays.com\/pt\/wp-json\/wp\/v2\/comments?post=15173"}],"version-history":[{"count":0,"href":"https:\/\/www.europesays.com\/pt\/wp-json\/wp\/v2\/posts\/15173\/revisions"}],"wp:featuredmedia":[{"embeddable":true,"href":"https:\/\/www.europesays.com\/pt\/wp-json\/wp\/v2\/media\/15174"}],"wp:attachment":[{"href":"https:\/\/www.europesays.com\/pt\/wp-json\/wp\/v2\/media?parent=15173"}],"wp:term":[{"taxonomy":"category","embeddable":true,"href":"https:\/\/www.europesays.com\/pt\/wp-json\/wp\/v2\/categories?post=15173"},{"taxonomy":"post_tag","embeddable":true,"href":"https:\/\/www.europesays.com\/pt\/wp-json\/wp\/v2\/tags?post=15173"}],"curies":[{"name":"wp","href":"https:\/\/api.w.org\/{rel}","templated":true}]}}