{"id":151732,"date":"2025-11-14T13:47:07","date_gmt":"2025-11-14T13:47:07","guid":{"rendered":"https:\/\/www.europesays.com\/pt\/151732\/"},"modified":"2025-11-14T13:47:07","modified_gmt":"2025-11-14T13:47:07","slug":"empregada-domestica-indemnizada-em-sete-mil-euros-por-ter-sido-despedida-apos-baixa-em-espanha","status":"publish","type":"post","link":"https:\/\/www.europesays.com\/pt\/151732\/","title":{"rendered":"Empregada dom\u00e9stica indemnizada em sete mil euros por ter sido despedida ap\u00f3s baixa em Espanha"},"content":{"rendered":"<p data-remotead-prev-elm=\"true\" data-remotead-elm-id=\"inread\">O Tribunal Superior de Justi\u00e7a do Pa\u00eds Basco, em Espanha, refor\u00e7ou a coima a pagar a uma cidad\u00e3 guatemalteca que era empregada dom\u00e9stica, mas que foi despedida ap\u00f3s ter metido baixa para ser submetida a uma cirurgia \u00e0 apendicite.<\/p>\n<p>A inst\u00e2ncia condenou a fam\u00edlia que despediu a mulher a uma multa de sete mil euros, um valor bastante superior ao que tinha sido determinado em primeira inst\u00e2ncia: 2750 euros de indemniza\u00e7\u00e3o.<\/p>\n<p>A mulher era respons\u00e1vel por tratar e cuidar de um idoso, entre dezembro de 2022 e outubro de 2024, mas acabaria por ser dispensada por mensagem na sequ\u00eancia de uma quest\u00e3o de sa\u00fade. O Tribunal considerou que houve uma viola\u00e7\u00e3o do direito fundamental \u00e0 integridade f\u00edsica e moral, uma vez que a empregada dom\u00e9stica foi despedida &#8220;por motivo diretamente ligado ao seu estado de sa\u00fade&#8221;.<\/p>\n","protected":false},"excerpt":{"rendered":"O Tribunal Superior de Justi\u00e7a do Pa\u00eds Basco, em Espanha, refor\u00e7ou a coima a pagar a uma cidad\u00e3&hellip;\n","protected":false},"author":2,"featured_media":151733,"comment_status":"","ping_status":"","sticky":false,"template":"","format":"standard","meta":{"footnotes":""},"categories":[50],"tags":[27,28,20491,10619,15,16,14,1491,11498,25,26,21,22,62,12,13,19,20,23,24,17,18,299,29,30,31,63,64,65],"class_list":{"0":"post-151732","1":"post","2":"type-post","3":"status-publish","4":"format-standard","5":"has-post-thumbnail","7":"category-mundo","8":"tag-breaking-news","9":"tag-breakingnews","10":"tag-delas","11":"tag-empregada-domestica","12":"tag-featured-news","13":"tag-featurednews","14":"tag-headlines","15":"tag-idoso","16":"tag-indemnizacao","17":"tag-latest-news","18":"tag-latestnews","19":"tag-main-news","20":"tag-mainnews","21":"tag-mundo","22":"tag-news","23":"tag-noticias","24":"tag-noticias-principais","25":"tag-noticiasprincipais","26":"tag-principais-noticias","27":"tag-principaisnoticias","28":"tag-top-stories","29":"tag-topstories","30":"tag-tribunal","31":"tag-ultimas","32":"tag-ultimas-noticias","33":"tag-ultimasnoticias","34":"tag-world","35":"tag-world-news","36":"tag-worldnews"},"share_on_mastodon":{"url":"https:\/\/pubeurope.com\/@pt\/115548365981413081","error":""},"_links":{"self":[{"href":"https:\/\/www.europesays.com\/pt\/wp-json\/wp\/v2\/posts\/151732","targetHints":{"allow":["GET"]}}],"collection":[{"href":"https:\/\/www.europesays.com\/pt\/wp-json\/wp\/v2\/posts"}],"about":[{"href":"https:\/\/www.europesays.com\/pt\/wp-json\/wp\/v2\/types\/post"}],"author":[{"embeddable":true,"href":"https:\/\/www.europesays.com\/pt\/wp-json\/wp\/v2\/users\/2"}],"replies":[{"embeddable":true,"href":"https:\/\/www.europesays.com\/pt\/wp-json\/wp\/v2\/comments?post=151732"}],"version-history":[{"count":0,"href":"https:\/\/www.europesays.com\/pt\/wp-json\/wp\/v2\/posts\/151732\/revisions"}],"wp:featuredmedia":[{"embeddable":true,"href":"https:\/\/www.europesays.com\/pt\/wp-json\/wp\/v2\/media\/151733"}],"wp:attachment":[{"href":"https:\/\/www.europesays.com\/pt\/wp-json\/wp\/v2\/media?parent=151732"}],"wp:term":[{"taxonomy":"category","embeddable":true,"href":"https:\/\/www.europesays.com\/pt\/wp-json\/wp\/v2\/categories?post=151732"},{"taxonomy":"post_tag","embeddable":true,"href":"https:\/\/www.europesays.com\/pt\/wp-json\/wp\/v2\/tags?post=151732"}],"curies":[{"name":"wp","href":"https:\/\/api.w.org\/{rel}","templated":true}]}}