{"id":151736,"date":"2025-11-14T13:56:10","date_gmt":"2025-11-14T13:56:10","guid":{"rendered":"https:\/\/www.europesays.com\/pt\/151736\/"},"modified":"2025-11-14T13:56:10","modified_gmt":"2025-11-14T13:56:10","slug":"mestrinho-joao-gomes-e-jota-pe-vencem-grammy-latino-com-dominguinho","status":"publish","type":"post","link":"https:\/\/www.europesays.com\/pt\/151736\/","title":{"rendered":"Mestrinho, Jo\u00e3o Gomes e Jota.p\u00ea vencem Grammy Latino com &#8216;Dominguinho&#8217;"},"content":{"rendered":"<p>\t\t\t\t\t\t\t\t\t\t<a href=\"https:\/\/www.europesays.com\/pt\/wp-content\/uploads\/2025\/11\/Grammy-Domiguinho-foyo-instagram-Domiguinho-14112025.jpg\"><img loading=\"lazy\" decoding=\"async\" class=\"size-full wp-image-611855\" src=\"https:\/\/www.europesays.com\/pt\/wp-content\/uploads\/2025\/11\/Grammy-Domiguinho-foyo-instagram-Domiguinho-14112025.jpg\" alt=\"\" width=\"804\" height=\"484\"  \/><\/a>A premia\u00e7\u00e3o, em sua 26\u00aa edi\u00e7\u00e3o, ocorreu em Las Vegas, nos Estados Unidos (Foto: Instagram Dominguinho)<\/p>\n<p data-start=\"86\" data-end=\"405\">O m\u00fasico sergipano Mestrinho, ao lado de Jo\u00e3o Gomes e Jota.p\u00ea, venceu nesta quinta-feira, 13,\u00a0o <strong><a href=\"https:\/\/infonet.com.br\/noticias\/cultura\/album-de-mestrinho-joao-gomes-e-jota-pe-e-indicado-ao-grammy-latino\/\" rel=\"nofollow noopener\" target=\"_blank\">Grammy Latino 2025 na categoria Melhor \u00c1lbum de M\u00fasica de Ra\u00edzes em L\u00edngua Portuguesa<\/a><\/strong>, com o projeto \u201cDominguinho\u201d. A premia\u00e7\u00e3o, em sua 26\u00aa edi\u00e7\u00e3o, ocorreu em Las Vegas, nos Estados Unidos.<\/p>\n<p data-start=\"407\" data-end=\"771\">Lan\u00e7ado em abril deste ano, o \u00e1lbum homenageia o sanfoneiro Dominguinhos e re\u00fane m\u00fasicas in\u00e9ditas e releituras de sucessos brasileiros em ritmo de forr\u00f3, dialogando com a tradi\u00e7\u00e3o e com sonoridades contempor\u00e2neas. Entre as faixas, destaca-se uma vers\u00e3o da m\u00fasica \u201cPontes Indestrut\u00edveis\u201d, da banda Charlie Brown Jr., adaptada ao estilo nordestino.<\/p>\n<p>Nas redes sociais, os artistas celebraram a conquista e classificaram o resultado como um \u201cmomento hist\u00f3rico\u201d para o forr\u00f3 e para a m\u00fasica brasileira. Em nota publicada ap\u00f3s o an\u00fancio, comemoraram: \u201cEsse pr\u00eamio \u00e9 nosso, do Brasil, do forr\u00f3, e de todo mundo que acredita na pot\u00eancia desse legado\u201d.<\/p>\n<p data-start=\"1079\" data-end=\"1365\">O trio tamb\u00e9m agradeceu aos f\u00e3s pelo apoio desde o in\u00edcio do projeto, refor\u00e7ando que a vit\u00f3ria representa o reconhecimento da for\u00e7a da m\u00fasica produzida no pa\u00eds: \u201cEssa conquista \u00e9 de cada pessoa que ouviu, compartilhou, torceu e se reconheceu nesse projeto feito com alma e verdade\u201d.<\/p>\n<p data-start=\"1079\" data-end=\"1365\">por Jo\u00e3o Paulo Schneider\u00a0<\/p>\n","protected":false},"excerpt":{"rendered":"A premia\u00e7\u00e3o, em sua 26\u00aa edi\u00e7\u00e3o, ocorreu em Las Vegas, nos Estados Unidos (Foto: Instagram Dominguinho) O m\u00fasico&hellip;\n","protected":false},"author":2,"featured_media":151737,"comment_status":"","ping_status":"","sticky":false,"template":"","format":"standard","meta":{"footnotes":""},"categories":[141],"tags":[1721,315,1661,32886,114,115,32887,21807,149,150,32,33],"class_list":{"0":"post-151736","1":"post","2":"type-post","3":"status-publish","4":"format-standard","5":"has-post-thumbnail","7":"category-musica","8":"tag-album","9":"tag-cultura","10":"tag-destaque","11":"tag-dominguinjho","12":"tag-entertainment","13":"tag-entretenimento","14":"tag-grammylatino","15":"tag-mestrinho","16":"tag-music","17":"tag-musica","18":"tag-portugal","19":"tag-pt"},"share_on_mastodon":{"url":"https:\/\/pubeurope.com\/@pt\/115548401639148092","error":""},"_links":{"self":[{"href":"https:\/\/www.europesays.com\/pt\/wp-json\/wp\/v2\/posts\/151736","targetHints":{"allow":["GET"]}}],"collection":[{"href":"https:\/\/www.europesays.com\/pt\/wp-json\/wp\/v2\/posts"}],"about":[{"href":"https:\/\/www.europesays.com\/pt\/wp-json\/wp\/v2\/types\/post"}],"author":[{"embeddable":true,"href":"https:\/\/www.europesays.com\/pt\/wp-json\/wp\/v2\/users\/2"}],"replies":[{"embeddable":true,"href":"https:\/\/www.europesays.com\/pt\/wp-json\/wp\/v2\/comments?post=151736"}],"version-history":[{"count":0,"href":"https:\/\/www.europesays.com\/pt\/wp-json\/wp\/v2\/posts\/151736\/revisions"}],"wp:featuredmedia":[{"embeddable":true,"href":"https:\/\/www.europesays.com\/pt\/wp-json\/wp\/v2\/media\/151737"}],"wp:attachment":[{"href":"https:\/\/www.europesays.com\/pt\/wp-json\/wp\/v2\/media?parent=151736"}],"wp:term":[{"taxonomy":"category","embeddable":true,"href":"https:\/\/www.europesays.com\/pt\/wp-json\/wp\/v2\/categories?post=151736"},{"taxonomy":"post_tag","embeddable":true,"href":"https:\/\/www.europesays.com\/pt\/wp-json\/wp\/v2\/tags?post=151736"}],"curies":[{"name":"wp","href":"https:\/\/api.w.org\/{rel}","templated":true}]}}