{"id":151738,"date":"2025-11-14T13:57:11","date_gmt":"2025-11-14T13:57:11","guid":{"rendered":"https:\/\/www.europesays.com\/pt\/151738\/"},"modified":"2025-11-14T13:57:11","modified_gmt":"2025-11-14T13:57:11","slug":"george-clooney-examina-o-preco-da-fama-extrema-no-novo-filme-jay-kelly","status":"publish","type":"post","link":"https:\/\/www.europesays.com\/pt\/151738\/","title":{"rendered":"George Clooney examina o pre\u00e7o da fama extrema no novo filme &#8220;Jay Kelly&#8221;"},"content":{"rendered":"<p>O pre\u00e7o de ser um ator muito famoso em todo o mundo e trocar a fam\u00edlia pelo estrelato \u00e9 o foco do novo filme protagonizado por George Clooney, que interpreta o personagem principal em \u201cJay Kelly\u201d, em estreia hoje nos cinemas norte-americanos.<\/p>\n<p>A fama do ator que d\u00e1 nome ao filme \u00e9 similar \u00e0 de George Clooney na vida real, mas o veterano de Hollywood n\u00e3o viu mais nenhum paralelo entre eles, segundo disse numa confer\u00eancia de imprensa em Los Angeles em que a Lusa participou.<\/p>\n<p>\u201cAs pessoas dizem-me que \u00e9 como fazer o papel de mim pr\u00f3prio, mas eu n\u00e3o tenho os arrependimentos que este tipo tem\u201d, afirmou Clooney. \u201cOs meus filhos ainda gostam de mim\u201d, apontou, referenciando um dos principais desgostos de Jay Kelly no filme: a dificuldade de conex\u00e3o com as filhas, para as quais foi um pai ausente por causa do trabalho como ator.<\/p>\n<p>\u201cTenho uma vida muito diferente deste tipo, por isso n\u00e3o me identifico com ele\u201d, salientou, considerando que o personagem \u00e9 um idiota. \u201cA \u00fanica coisa que me preocupou durante todo o processo foi: ser\u00e1 que consigo torn\u00e1-lo simp\u00e1tico ao fazer tudo isto?\u201d<\/p>\n<p>\t\t<img decoding=\"async\" src=\"https:\/\/www.europesays.com\/pt\/wp-content\/uploads\/2025\/11\/1763128630_316_thumbs.web.sapo.io\"  loading=\"true\"\/><\/p>\n<p>      &#8220;Jay Kelly&#8221;<br \/>\n      Cr\u00e9ditos: Netflix<\/p>\n<p>Com argumento e realiza\u00e7\u00e3o de Noah Baumbach para a Netflix, \u201cJay Kelly\u201d examina o significado de ser uma superestrela em detrimento de ser um bom pai, bom amigo e at\u00e9 bom patr\u00e3o.<\/p>\n<p>O realizador explicou que, quando come\u00e7ou a escrever o filme com Emily Mortimer, a inten\u00e7\u00e3o era explorar o que acontece quando uma pessoa chega a um certo ponto da sua vida e reflete sobre a sua mortalidade.<\/p>\n<p>\u201cTodos n\u00f3s, quando somos jovens, achamos que temos todo o tempo do mundo e fazemos escolhas com uma negocia\u00e7\u00e3o inconsciente de que faremos outras coisas mais tarde e haver\u00e1 tempo\u201d, descreveu Baumbach na confer\u00eancia.<\/p>\n<p>\u201cEste filme \u00e9 sobre o momento em que descobrirmos algo que \u00e9 ao mesmo tempo \u00f3bvio e chocante, a consci\u00eancia de que este \u00e9 o \u00fanico tempo que temos para fazer isto\u201d, acrescentou. O que Jay Kelly se apercebe \u00e9 que n\u00e3o ter\u00e1 outra oportunidade de fazer escolhas e esta \u00e9 a sua vida, quer queira quer n\u00e3o.<\/p>\n<p>\t\t<img decoding=\"async\" src=\"https:\/\/www.europesays.com\/pt\/wp-content\/uploads\/2025\/11\/1763128631_308_thumbs.web.sapo.io\"  loading=\"true\"\/><\/p>\n<p>      &#8220;Jay Kelly&#8221;<br \/>\n      Cr\u00e9ditos: Netflix<\/p>\n<p>Mais que um tributo ao mundo do cinema, Baumbach quis examinar os aspetos emocionais e psicol\u00f3gicos de confrontar a mortalidade.<\/p>\n<p>Esse questionamento n\u00e3o acontece apenas com Jay Kelly, mas tamb\u00e9m com o seu agente Ron Sukenick (Adam Sandler) e a assessora Liz (Laura Dern), que se perguntam se fizeram as escolhas certas ao dedicarem a sua vida ao ator.<\/p>\n<p>\u201c\u00c9 por isso, em parte, que o filme se chama \u2018Jay Kelly\u2019, porque toda a gente gira em torno desta figura\u201d, salientou Baumbach.<\/p>\n<p>O estilo que Laura Dern deu a Liz incluiu uma homenagem \u00e0 sua pr\u00f3pria assessora, Anett Wolf, que tamb\u00e9m anda sempre com um len\u00e7o Herm\u00e8s atado \u00e0 mala.<\/p>\n<p>\u201cEstas pessoas s\u00e3o como fam\u00edlia e mentores, t\u00eam de ser insuportavelmente pacientes\u201d, descreveu Laura Dern. \u201cAcho que vi o outro lado de como \u00e9 andar atr\u00e1s de mim\u201d.<\/p>\n<p>Adam Sandler referenciou igualmente a curiosidade de estar do outro lado daquilo que interpreta no filme. \u201cA minha fala favorita no filme \u00e9 quando digo \u2018Tu \u00e9s o Jay Kelly, mas eu tamb\u00e9m sou Jay Kelly\u201d, lembrou. \u201cCreio que as nossas equipas sentem o mesmo\u201d.<\/p>\n<p>\u201cJay Kelly\u201d estreia-se hoje nos cinemas norte-americanos e chegar\u00e1 ao servi\u00e7o do Netflix em todo o mundo a 5 de dezembro.<\/p>\n<p><strong>VEJA O TRAILER LEGENDADO.<\/strong><\/p>\n","protected":false},"excerpt":{"rendered":"O pre\u00e7o de ser um ator muito famoso em todo o mundo e trocar a fam\u00edlia pelo estrelato&hellip;\n","protected":false},"author":2,"featured_media":151739,"comment_status":"","ping_status":"","sticky":false,"template":"","format":"standard","meta":{"footnotes":""},"categories":[140],"tags":[114,115,147,148,146,32,33],"class_list":{"0":"post-151738","1":"post","2":"type-post","3":"status-publish","4":"format-standard","5":"has-post-thumbnail","7":"category-filmes","8":"tag-entertainment","9":"tag-entretenimento","10":"tag-film","11":"tag-filmes","12":"tag-movies","13":"tag-portugal","14":"tag-pt"},"share_on_mastodon":{"url":"https:\/\/pubeurope.com\/@pt\/115548405450488638","error":""},"_links":{"self":[{"href":"https:\/\/www.europesays.com\/pt\/wp-json\/wp\/v2\/posts\/151738","targetHints":{"allow":["GET"]}}],"collection":[{"href":"https:\/\/www.europesays.com\/pt\/wp-json\/wp\/v2\/posts"}],"about":[{"href":"https:\/\/www.europesays.com\/pt\/wp-json\/wp\/v2\/types\/post"}],"author":[{"embeddable":true,"href":"https:\/\/www.europesays.com\/pt\/wp-json\/wp\/v2\/users\/2"}],"replies":[{"embeddable":true,"href":"https:\/\/www.europesays.com\/pt\/wp-json\/wp\/v2\/comments?post=151738"}],"version-history":[{"count":0,"href":"https:\/\/www.europesays.com\/pt\/wp-json\/wp\/v2\/posts\/151738\/revisions"}],"wp:featuredmedia":[{"embeddable":true,"href":"https:\/\/www.europesays.com\/pt\/wp-json\/wp\/v2\/media\/151739"}],"wp:attachment":[{"href":"https:\/\/www.europesays.com\/pt\/wp-json\/wp\/v2\/media?parent=151738"}],"wp:term":[{"taxonomy":"category","embeddable":true,"href":"https:\/\/www.europesays.com\/pt\/wp-json\/wp\/v2\/categories?post=151738"},{"taxonomy":"post_tag","embeddable":true,"href":"https:\/\/www.europesays.com\/pt\/wp-json\/wp\/v2\/tags?post=151738"}],"curies":[{"name":"wp","href":"https:\/\/api.w.org\/{rel}","templated":true}]}}