{"id":151747,"date":"2025-11-14T14:12:17","date_gmt":"2025-11-14T14:12:17","guid":{"rendered":"https:\/\/www.europesays.com\/pt\/151747\/"},"modified":"2025-11-14T14:12:17","modified_gmt":"2025-11-14T14:12:17","slug":"como-ari-aster-retratou-a-pandemia-em-eddington-nexo-jornal","status":"publish","type":"post","link":"https:\/\/www.europesays.com\/pt\/151747\/","title":{"rendered":"Como Ari Aster retratou a pandemia em \u2018Eddington\u2019 &#8211; Nexo Jornal"},"content":{"rendered":"<ol>\n<li><a href=\"https:\/\/news.google.com\/rss\/articles\/CBMilwFBVV95cUxOT2YtZTg4dWxtWHBqdmJLTEZjdnI3X3gyaE1GZXIzWXhKWEwyMjlaVldOM3NZeC1SUmI2SFVRTDR1dmZraWUtOHR1TVhJelFKdVBRYVhGWkdzR1lxY2FzZHJNTmV2UnV3eE4zc1pEYkFyTnF2QVFkb0xfYWVMcjBHRnEyY1pycDE3clhVeWc5UGJQREZfOXhN?oc=5\" target=\"_blank\" rel=\"nofollow noopener\">Como Ari Aster retratou a pandemia em \u2018Eddington\u2019<\/a>&nbsp;&nbsp;Nexo Jornal<\/li>\n<li><a href=\"https:\/\/news.google.com\/rss\/articles\/CBMihwJBVV95cUxNZDVBTXAyc29iVFdxVlZFN0l6aDduTk1fV1IzZGsyTTFjaS1UaEJnSVBqWmNUSXJWSHZqb0RPTmx3Q3dEeDJqZkhkZm9QWXdGenpKTnBmSlFZdlc1OXFxX25EUElkN3JFTmNiQ25VZ3ljNU1nS0JDd2FMY2dOSEtsY0FDelo5RGVLYUhpM3FONU92aHhDRWhLWEs0MnJMaUUtdFA5aWRpRVVvdktHZlRoWGpGQ040Mk1aWGxFRS1vUWxBbmxKMXpSWURmNnpCYnAzbllPbkh1b2FOYUo3NzRsTnFYVzU1RHlTdEQwbmtkY1hzZXBjSEJLTGNFdC1UR1dmTXV5LUFMc9IBlgJBVV95cUxONXgzU3NwYTczUVJKRGE3T2JrdnVNX1ZZejY2c0R0NWhEZDJLcmNkcTdnMXduWU9Dd09mRXZPRmNCajktQUV5R3M4RWZIaGFsbGFQd0I3ZUFMS0RMMnZGMV9Ld21jb2xydjZhNzU1N1kzd1RoTUlmbjJEX2RYZVd6WUdlZ3V0enVYcjZxSklOaUpqNml5dy1iaXgxa2J6V1ZvSjFxQUNaY2RWaEZKR1BLMi0wUjlKMk5MSG9FQXdJTmk2S0xlZ2hfVk9Leno5U05yU1RkcFM5S0dVTWZyZkg2aW8yNUlsUk5BZmI0WHRqZ3FYQ0JqaGlCUFYzdWgzdFU1STJIYWM1eV9mRTZYVTdlSXlDb1M1dw?oc=5\" target=\"_blank\" rel=\"nofollow noopener\">Com Pedro Pascal, Joaquin Phoenix e Emma Stone, &#8216;Eddington&#8217; mostra fragmenta\u00e7\u00e3o da democracia americana na pandemia<\/a>&nbsp;&nbsp;O Globo<\/li>\n<li><a href=\"https:\/\/news.google.com\/rss\/articles\/CBMivAFBVV95cUxNOVJvMTA0OGxuWDZhZF9yTkJTQ2o4dEUxZFlMZWV5UWlNMElUaG8zMXpack93cTgtT0JnTEdtSmJwRFhUZmpWT1k3Unk0Vi10eDhiMHRGZWdRSWdqanpvLW1uaXBOTWZieGZSTWVfY3BMd0F5N3JVa0VFMG9vS2hDMXFqM3BUTGJlZDNja2xNa3M5T2g5ZFVXYkgzekk5MlZSMmU4QjNEVG81dVhLZDMzNXBNWkdFbVAyNDVOYdIBwgFBVV95cUxQRTAxN2I1RkRha1liOWphNUFZUWhsbEJwa09DTU5vN2tPUnJwWkdLUVRRby1ZRk5jS3ZiYUF4SnJ2R2g1OGtKZ1pkX1BNT2Y5RHRnaDc4dWUyREVqSHhiZ2dnMklwWlVOMmJGOF9URzd2a0lvd1k5dmpzVjFURGVkSzh0cG81T0FIRE5jb0Y1clFRNTBiZ05tXy1wNmRPVjZKQUNhb0drVnM5UUhHMXEwZG9iOFczcTNjMEo5bHcwUUVSZw?oc=5\" target=\"_blank\" rel=\"nofollow noopener\">&#8216;Eddington&#8217; refor\u00e7a que Ari Aster s\u00f3 \u00e9 bom em seus primeiros minutos<\/a>&nbsp;&nbsp;Folha de S.Paulo<\/li>\n<li><a href=\"https:\/\/news.google.com\/rss\/articles\/CBMijAJBVV95cUxQM3VfbktYYWx3cTRkWUdDV2lUNGN5ZGVTXzZuMnd4TThQN3FNTGc1UmNhbTdGbm1LQ2NjS1JMNXRFd3NCTkdCc3lWcWQ1RU1lU3NaSGhncWpCWFBLVEI4Z2tYcXNXYllJUmRicmUzTWt3bFJVRmZKeUt6ZU5Fb3VsNXJEYUtXU2p5S0xPMl9nRmd0NXhKQm8yNzlucEIxTUVzcWdBdnFtY1lMc0RqaFlEdG0xZzNVaHBsSlAtV3ZoNmZlbVhZTUdxS1l3cTVKRnBERzViZUdZSXNPaHJmcGhqTHZYOTVIbmhjV1oxQjU3dEF1VGFOTWp6NVV1dXJXNmhvaUR5a0Z6OHNMTmhM?oc=5\" target=\"_blank\" rel=\"nofollow noopener\">&#8216;Eddington&#8217;, novo filme de Ari Aster, com Joaquin Phoenix e Pedro Pascal, estreia nos cinemas<\/a>&nbsp;&nbsp;Terra<\/li>\n<li><a href=\"https:\/\/news.google.com\/rss\/articles\/CBMizgFBVV95cUxQcjdCNHh4RTFwRTY4SzE2NnhCN2g5a25ZOEtNdzVwZ3lKc2NaNTJMWmY1UG5CUUU5UlFfZkZaeUp0NjFzQ21pN3VhYUV1VF92Vm13TlBQQW94eVU0cFNReEZ4VS1nckFmSWpLUEozeGFublloTkNOSVdYX2NhWjhmUEZ4RklTUV9aMl9COTZNRzlDTy0zeGo0LWxwZ0pUYWo2NUxjWFdac18tbXNTTmpCV1I1dGwtaDk5NUhUbUtXUW9yYXdOa2ZabjdEa2tzZw?oc=5\" target=\"_blank\" rel=\"nofollow noopener\">\u2018Eddington\u2019 p\u00f5e Pedro Pascal e Joaquin Phoenix em lados opostos da pol\u00edtica; leia entrevistas<\/a>&nbsp;&nbsp;Estad\u00e3o<\/li>\n<\/ol>\n","protected":false},"excerpt":{"rendered":"Como Ari Aster retratou a pandemia em \u2018Eddington\u2019&nbsp;&nbsp;Nexo Jornal Com Pedro Pascal, Joaquin Phoenix e Emma Stone, &#8216;Eddington&#8217;&hellip;\n","protected":false},"author":2,"featured_media":151748,"comment_status":"","ping_status":"","sticky":false,"template":"","format":"standard","meta":{"footnotes":""},"categories":[140],"tags":[114,115,147,148,146,32,33],"class_list":{"0":"post-151747","1":"post","2":"type-post","3":"status-publish","4":"format-standard","5":"has-post-thumbnail","7":"category-filmes","8":"tag-entertainment","9":"tag-entretenimento","10":"tag-film","11":"tag-filmes","12":"tag-movies","13":"tag-portugal","14":"tag-pt"},"share_on_mastodon":{"url":"https:\/\/pubeurope.com\/@pt\/115548464310662193","error":""},"_links":{"self":[{"href":"https:\/\/www.europesays.com\/pt\/wp-json\/wp\/v2\/posts\/151747","targetHints":{"allow":["GET"]}}],"collection":[{"href":"https:\/\/www.europesays.com\/pt\/wp-json\/wp\/v2\/posts"}],"about":[{"href":"https:\/\/www.europesays.com\/pt\/wp-json\/wp\/v2\/types\/post"}],"author":[{"embeddable":true,"href":"https:\/\/www.europesays.com\/pt\/wp-json\/wp\/v2\/users\/2"}],"replies":[{"embeddable":true,"href":"https:\/\/www.europesays.com\/pt\/wp-json\/wp\/v2\/comments?post=151747"}],"version-history":[{"count":0,"href":"https:\/\/www.europesays.com\/pt\/wp-json\/wp\/v2\/posts\/151747\/revisions"}],"wp:featuredmedia":[{"embeddable":true,"href":"https:\/\/www.europesays.com\/pt\/wp-json\/wp\/v2\/media\/151748"}],"wp:attachment":[{"href":"https:\/\/www.europesays.com\/pt\/wp-json\/wp\/v2\/media?parent=151747"}],"wp:term":[{"taxonomy":"category","embeddable":true,"href":"https:\/\/www.europesays.com\/pt\/wp-json\/wp\/v2\/categories?post=151747"},{"taxonomy":"post_tag","embeddable":true,"href":"https:\/\/www.europesays.com\/pt\/wp-json\/wp\/v2\/tags?post=151747"}],"curies":[{"name":"wp","href":"https:\/\/api.w.org\/{rel}","templated":true}]}}