{"id":151761,"date":"2025-11-14T14:26:13","date_gmt":"2025-11-14T14:26:13","guid":{"rendered":"https:\/\/www.europesays.com\/pt\/151761\/"},"modified":"2025-11-14T14:26:13","modified_gmt":"2025-11-14T14:26:13","slug":"miles-teller-indica-que-uma-pessoa-muito-importante-foi-responsavel-pelo-fracasso-de-quarteto-fantastico","status":"publish","type":"post","link":"https:\/\/www.europesays.com\/pt\/151761\/","title":{"rendered":"Miles Teller indica que uma pessoa &#8220;muito importante&#8221; foi respons\u00e1vel pelo fracasso de &#8216;Quarteto Fant\u00e1stico&#8217;"},"content":{"rendered":"<p>O ator <strong><a href=\"https:\/\/cinepop.com.br\/tag\/miles-teller\/\" title=\"Miles Teller\" rel=\"nofollow noopener\" target=\"_blank\">Miles Teller<\/a><\/strong>, que interpretou Reed Richards no fracassado <strong>\u2018<a href=\"https:\/\/cinepop.com.br\/tag\/quarteto-fantastico\/\" title=\"Quarteto Fant\u00e1stico\" rel=\"nofollow noopener\" target=\"_blank\">Quarteto Fant\u00e1stico<\/a>\u2019<\/strong> de 2015, voltou a comentar sobre o conturbado longa da equipe da Marvel. Em recente entrevista, o ator revelou se o elenco tinha consci\u00eancia da baixa qualidade do filme durante o per\u00edodo de divulga\u00e7\u00e3o.<\/p>\n<p>De acordo com o <a href=\"https:\/\/comicbookmovie.com\/fantastic-four\/miles-teller-talks-fantastic-four-failure-says-theres-one-important-person-who-fed-it-all-up-a224824\" rel=\"nofollow noopener\" target=\"_blank\">ComicBookMovie<\/a>, <strong>Teller<\/strong> afirmou:\u00a0\u201cAcho que \u00e9 lament\u00e1vel, porque tantas pessoas trabalharam muito duro nesse filme. E, honestamente, talvez tenha havido uma pessoa muito importante que meio que ferrou tudo. Pois \u00e9\u201d.<\/p>\n<p>Apesar de <strong><a href=\"https:\/\/cinepop.com.br\/tag\/miles-teller\/\" title=\"Miles Teller\" rel=\"nofollow noopener\" target=\"_blank\">Miles Teller<\/a><\/strong> n\u00e3o ter citado nomes, a reportagem indica que a \u201cpessoa importante\u201d a quem o ator se referia seria o diretor <strong>Josh Trank<\/strong>, respons\u00e1vel pelo longa. Isso porque, segundo o texto, os dois teriam se envolvido em diversos conflitos durante as grava\u00e7\u00f5es, chegando inclusive a quase brigar fisicamente no set.<\/p>\n<p>De acordo com rumores, <strong>Trank<\/strong> era considerado abusivo e insultuoso com a equipe e o elenco. O est\u00fadio n\u00e3o queria escalar <strong>Teller<\/strong>, mas o diretor insistiu em sua contrata\u00e7\u00e3o, e, ironicamente, acabou se desentendendo com ele durante as filmagens.<\/p>\n<p>Em determinado momento, a tens\u00e3o teria escalado a ponto de <strong>Trank<\/strong> e <strong>Teller<\/strong> ficarem cara a cara, desafiando um ao outro a dar o primeiro soco. Nenhum deles o fez.<\/p>\n<p>Al\u00e9m disso, fontes afirmam que o diretor foi obrigado pela Fox a escalar <strong><a href=\"https:\/\/cinepop.com.br\/tag\/kate-mara\/\" title=\"Kate Mara\" rel=\"nofollow noopener\" target=\"_blank\">Kate Mara<\/a><\/strong> como Sue Storm, decis\u00e3o que o teria deixado furioso. <strong>Trank<\/strong>, segundo relatos, descontou sua frustra\u00e7\u00e3o na atriz, tratando-a de forma fria e, em alguns momentos, at\u00e9 cruel.<\/p>\n<p><a href=\"https:\/\/cinepop.com.br\/miles-teller-gostaria-de-atuar-em-outro-filme-de-super-herois-mesmo-apos-fiasco-de-quarteto-fantastico-343353\/\" rel=\"nofollow noopener\" target=\"_blank\">Miles Teller gostaria de atuar em outro filme de super-her\u00f3is mesmo ap\u00f3s fiasco de \u2018Quarteto Fant\u00e1stico\u2019<\/a><\/p>\n<p>O ator tamb\u00e9m explicou que parte de sua motiva\u00e7\u00e3o para aceitar o papel foi o desejo de se firmar como protagonista em Hollywood: \u201cEspecialmente sendo um ator jovem naquela \u00e9poca, era tipo: \u2018Certo, se voc\u00ea quer ser levado a s\u00e9rio como protagonista, precisa entrar nesse trem dos super-her\u00f3is\u2019. Essa era a nossa chance, e o elenco, na minha opini\u00e3o, era espetacular. Eu adoro todos aqueles atores\u201d.<\/p>\n<p>Teller revelou ainda que, ap\u00f3s assistir ao filme pronto, chegou a procurar um dos chefes do est\u00fadio para expressar sua preocupa\u00e7\u00e3o com o resultado:<\/p>\n<p>\u201cQuando vi o filme pela primeira vez, lembro que falei com um dos chefes do est\u00fadio e disse: \u2018Acho que estamos com problemas&#8217;\u201d, concluiu.<\/p>\n<p>Vale lembrar que o longa, dirigido por <strong>Josh Trank<\/strong>, recebeu apenas 9% de aprova\u00e7\u00e3o no Rotten Tomatoes e arrecadou cerca de <strong>US$ 167 milh\u00f5es<\/strong> mundialmente, contra um or\u00e7amento estimado em <strong>US$ 120 milh\u00f5es<\/strong>.<\/p>\n<p><strong>\u2018<a href=\"https:\/\/cinepop.com.br\/tag\/quarteto-fantastico\/\" title=\"Quarteto Fant\u00e1stico\" rel=\"nofollow noopener\" target=\"_blank\">Quarteto Fant\u00e1stico<\/a>\u2019 est\u00e1 dispon\u00edvel no Disney +.<\/strong><\/p>\n<p><strong><a href=\"https:\/\/cinepop.com.br\/tag\/miles-teller\/\" title=\"Miles Teller\" rel=\"nofollow noopener\" target=\"_blank\">Miles Teller<\/a>, <a href=\"https:\/\/cinepop.com.br\/tag\/michael-b-jordan\/\" title=\"Michael B. Jordan\" rel=\"nofollow noopener\" target=\"_blank\">Michael B. Jordan<\/a>, <a href=\"https:\/\/cinepop.com.br\/tag\/kate-mara\/\" title=\"Kate Mara\" rel=\"nofollow noopener\" target=\"_blank\">Kate Mara<\/a>, <a href=\"https:\/\/cinepop.com.br\/tag\/jamie-bell\/\" title=\"Jamie Bell\" rel=\"nofollow noopener\" target=\"_blank\">Jamie Bell<\/a>, <a href=\"https:\/\/cinepop.com.br\/tag\/toby-kebbell\/\" title=\"Toby Kebbell\" rel=\"nofollow noopener\" target=\"_blank\">Toby Kebbell<\/a>, <a href=\"https:\/\/cinepop.com.br\/tag\/kurt-schlachter\/\" title=\"Kurt Schlachter\" rel=\"nofollow noopener\" target=\"_blank\">Kurt Schlachter<\/a>, <a href=\"https:\/\/cinepop.com.br\/tag\/don-yesso\/\" title=\"Don Yesso\" rel=\"nofollow noopener\" target=\"_blank\">Don Yesso<\/a>, <a href=\"https:\/\/cinepop.com.br\/tag\/tim-blake-nelson\/\" title=\"Tim Blake Nelson\" rel=\"nofollow noopener\" target=\"_blank\">Tim Blake Nelson<\/a><\/strong> e <strong><a href=\"https:\/\/cinepop.com.br\/tag\/jane-rumbaua\/\" title=\"Jane Rumbaua\" rel=\"nofollow noopener\" target=\"_blank\">Jane Rumbaua<\/a><\/strong> estrelam o longa.<\/p>\n<p>\u201cQuatro jovens astronautas ganham superpoderes ao serem transportados a um universo alternativo e ficarem expostos \u00e0 radia\u00e7\u00e3o c\u00f3smica. Eles precisam usar suas novas habilidades para proteger o planeta contra o Doutor Destino\u201d, diz a sinopse.<\/p>\n<p><img fetchpriority=\"high\" decoding=\"async\" class=\"alignnone wp-image-272883 size-full\" src=\"https:\/\/www.europesays.com\/pt\/wp-content\/uploads\/2025\/11\/Kate-Mara-quarteto-fantastico.jpg\" alt=\"\" width=\"800\" height=\"400\"  \/><\/p>\n","protected":false},"excerpt":{"rendered":"O ator Miles Teller, que interpretou Reed Richards no fracassado \u2018Quarteto Fant\u00e1stico\u2019 de 2015, voltou a comentar sobre&hellip;\n","protected":false},"author":2,"featured_media":151762,"comment_status":"","ping_status":"","sticky":false,"template":"","format":"standard","meta":{"footnotes":""},"categories":[140],"tags":[32890,114,115,147,148,26143,32891,12732,32892,29198,23938,146,32,33,2669,31630,25630],"class_list":{"0":"post-151761","1":"post","2":"type-post","3":"status-publish","4":"format-standard","5":"has-post-thumbnail","7":"category-filmes","8":"tag-don-yesso","9":"tag-entertainment","10":"tag-entretenimento","11":"tag-film","12":"tag-filmes","13":"tag-jamie-bell","14":"tag-jane-rumbaua","15":"tag-kate-mara","16":"tag-kurt-schlachter","17":"tag-michael-b-jordan","18":"tag-miles-teller","19":"tag-movies","20":"tag-portugal","21":"tag-pt","22":"tag-quarteto-fantastico","23":"tag-tim-blake-nelson","24":"tag-toby-kebbell"},"share_on_mastodon":{"url":"https:\/\/pubeurope.com\/@pt\/115548519554045827","error":""},"_links":{"self":[{"href":"https:\/\/www.europesays.com\/pt\/wp-json\/wp\/v2\/posts\/151761","targetHints":{"allow":["GET"]}}],"collection":[{"href":"https:\/\/www.europesays.com\/pt\/wp-json\/wp\/v2\/posts"}],"about":[{"href":"https:\/\/www.europesays.com\/pt\/wp-json\/wp\/v2\/types\/post"}],"author":[{"embeddable":true,"href":"https:\/\/www.europesays.com\/pt\/wp-json\/wp\/v2\/users\/2"}],"replies":[{"embeddable":true,"href":"https:\/\/www.europesays.com\/pt\/wp-json\/wp\/v2\/comments?post=151761"}],"version-history":[{"count":0,"href":"https:\/\/www.europesays.com\/pt\/wp-json\/wp\/v2\/posts\/151761\/revisions"}],"wp:featuredmedia":[{"embeddable":true,"href":"https:\/\/www.europesays.com\/pt\/wp-json\/wp\/v2\/media\/151762"}],"wp:attachment":[{"href":"https:\/\/www.europesays.com\/pt\/wp-json\/wp\/v2\/media?parent=151761"}],"wp:term":[{"taxonomy":"category","embeddable":true,"href":"https:\/\/www.europesays.com\/pt\/wp-json\/wp\/v2\/categories?post=151761"},{"taxonomy":"post_tag","embeddable":true,"href":"https:\/\/www.europesays.com\/pt\/wp-json\/wp\/v2\/tags?post=151761"}],"curies":[{"name":"wp","href":"https:\/\/api.w.org\/{rel}","templated":true}]}}