{"id":151768,"date":"2025-11-14T14:38:09","date_gmt":"2025-11-14T14:38:09","guid":{"rendered":"https:\/\/www.europesays.com\/pt\/151768\/"},"modified":"2025-11-14T14:38:09","modified_gmt":"2025-11-14T14:38:09","slug":"da-casa-de-bonecas-a-arvore-iconica-espreite-as-decoracoes-de-natal-de-manuel-luis-goucha-secret-story","status":"publish","type":"post","link":"https:\/\/www.europesays.com\/pt\/151768\/","title":{"rendered":"Da casa de bonecas \u00e0 \u00e1rvore ic\u00f3nica: espreite as decora\u00e7\u00f5es de Natal de Manuel Lu\u00eds Goucha &#8211; Secret Story"},"content":{"rendered":"<p style=\"margin-bottom:11px\"><strong>A poucas semanas do Natal<\/strong>, come\u00e7am a multiplicar-se as primeiras decora\u00e7\u00f5es e Manuel Lu\u00eds Goucha <strong>n\u00e3o fugiu \u00e0 tradi\u00e7\u00e3o<\/strong>. O apresentador <strong>j\u00e1 iniciou os preparativos e o resultado promete ser compar\u00e1vel a uma obra de arte<\/strong>. A revela\u00e7\u00e3o foi feita atrav\u00e9s de uma publica\u00e7\u00e3o no Instagram, feita na passada quinta-feira dia 13 de novembro, onde surge Manuel Lu\u00eds Goucha<strong> inteiramente dedicado \u00e0 decora\u00e7\u00e3o natal\u00edcia.<\/strong><\/p>\n<p style=\"margin-bottom:11px\">Em cima da mesa, pode ver-se uma <strong>pequena \u00e1rvore que o apresentador est\u00e1 a decorar de forma diferente<\/strong>, pe\u00e7a por pe\u00e7a. O v\u00eddeo mostra ainda outros detalhes do ambiente festivo montado pelo casal, <strong>entre eles uma casa de bonecas<\/strong>, que se destaca pelos pormenores minuciosos.<\/p>\n<p>A <strong>\u00e1rvore de Natal mant\u00e9m-se como a pe\u00e7a central da casa<\/strong>, mas o casal continua a guardar o <strong>resultado final em segredo<\/strong> e garante que a revela\u00e7\u00e3o ser\u00e1 para muito em breve.<\/p>\n<p><strong>Veja aqui aqui o video do momento:<\/strong><\/p>\n","protected":false},"excerpt":{"rendered":"A poucas semanas do Natal, come\u00e7am a multiplicar-se as primeiras decora\u00e7\u00f5es e Manuel Lu\u00eds Goucha n\u00e3o fugiu \u00e0&hellip;\n","protected":false},"author":2,"featured_media":151769,"comment_status":"","ping_status":"","sticky":false,"template":"","format":"standard","meta":{"footnotes":""},"categories":[142],"tags":[18706,114,115,18705,3416,7561,32,33,151,18704],"class_list":{"0":"post-151768","1":"post","2":"type-post","3":"status-publish","4":"format-standard","5":"has-post-thumbnail","7":"category-tv","8":"tag-bastidores-secret-story","9":"tag-entertainment","10":"tag-entretenimento","11":"tag-entrevistas-concorrentes-tvi","12":"tag-manuel-luis-goucha","13":"tag-natal","14":"tag-portugal","15":"tag-pt","16":"tag-tv","17":"tag-vida-fora-da-casa"},"share_on_mastodon":{"url":"https:\/\/pubeurope.com\/@pt\/115548566534518065","error":""},"_links":{"self":[{"href":"https:\/\/www.europesays.com\/pt\/wp-json\/wp\/v2\/posts\/151768","targetHints":{"allow":["GET"]}}],"collection":[{"href":"https:\/\/www.europesays.com\/pt\/wp-json\/wp\/v2\/posts"}],"about":[{"href":"https:\/\/www.europesays.com\/pt\/wp-json\/wp\/v2\/types\/post"}],"author":[{"embeddable":true,"href":"https:\/\/www.europesays.com\/pt\/wp-json\/wp\/v2\/users\/2"}],"replies":[{"embeddable":true,"href":"https:\/\/www.europesays.com\/pt\/wp-json\/wp\/v2\/comments?post=151768"}],"version-history":[{"count":0,"href":"https:\/\/www.europesays.com\/pt\/wp-json\/wp\/v2\/posts\/151768\/revisions"}],"wp:featuredmedia":[{"embeddable":true,"href":"https:\/\/www.europesays.com\/pt\/wp-json\/wp\/v2\/media\/151769"}],"wp:attachment":[{"href":"https:\/\/www.europesays.com\/pt\/wp-json\/wp\/v2\/media?parent=151768"}],"wp:term":[{"taxonomy":"category","embeddable":true,"href":"https:\/\/www.europesays.com\/pt\/wp-json\/wp\/v2\/categories?post=151768"},{"taxonomy":"post_tag","embeddable":true,"href":"https:\/\/www.europesays.com\/pt\/wp-json\/wp\/v2\/tags?post=151768"}],"curies":[{"name":"wp","href":"https:\/\/api.w.org\/{rel}","templated":true}]}}