{"id":151770,"date":"2025-11-14T14:40:08","date_gmt":"2025-11-14T14:40:08","guid":{"rendered":"https:\/\/www.europesays.com\/pt\/151770\/"},"modified":"2025-11-14T14:40:08","modified_gmt":"2025-11-14T14:40:08","slug":"estes-sao-os-10-filmes-obrigatorios-para-ver-na-tv-este-fim-de-semana-nit","status":"publish","type":"post","link":"https:\/\/www.europesays.com\/pt\/151770\/","title":{"rendered":"estes s\u00e3o os 10 filmes obrigat\u00f3rios para ver na TV este fim de semana \u2014 NiT"},"content":{"rendered":"<p>Cen\u00e1rios paradis\u00edacos, liberdade sexual e muita emo\u00e7\u00e3o. O estilo de Luca Guadagnino \u00e9 f\u00e1cil de reconhecer em quase todos os seus filmes, especialmente em \u201cChama-me Pelo Teu Nome\u201d, \u201cA Bigger Splash\u201d e \u201cSuspiria\u201d. Com \u201cQueer\u201d, o realizador italiano mant\u00e9m essa identidade e o resultado chega \u00e0 televis\u00e3o j\u00e1 este fim de semana.<\/p>\n<p>O filme \u00e9 protagonizado por Drew Starkey e Daniel Craig, naquela que tem sido apontada como uma das melhores interpreta\u00e7\u00f5es da carreira do ator brit\u00e2nico. A hist\u00f3ria passa-se na Cidade do M\u00e9xico, nos anos 50, e tem por base o conto com o mesmo nome do escritor norte-americano William S. Burroughs, publicado em 1985.<\/p>\n<p>A narrativa centra-se em Lee (Craig), um imigrante norte-americano de quase 50 anos que vive isolado numa pequena comunidade. A chegada do jovem estudante Eugene (Starkey) desperta nele o desejo de criar uma liga\u00e7\u00e3o emocional profunda.<\/p>\n<p>Nos pr\u00f3ximos dias, haver\u00e1 ainda oportunidade de rever v\u00e1rios cl\u00e1ssicos, entre eles, alguns dos t\u00edtulos mais marcantes da hist\u00f3ria do cinema. Um dos exemplos mais emblem\u00e1ticos \u00e9 \u201cConta Comigo\u201d, com Wil Wheaton, River Phoenix, Corey Feldman, Kiefer Sutherland e Jerry O\u2019Connell no elenco.<\/p>\n<p>Baseado no conto \u201cThe Body\u201d, de Stephen King, que neste trabalho deixa de lado o terror, o filme acompanha quatro rapazes, Gordie, Chris, Teddy e Vern, que durante um ver\u00e3o nos anos 60 embarcam numa aventura para tentar encontrar o corpo de um jovem desaparecido.<\/p>\n<p>O que come\u00e7a como uma miss\u00e3o quase inocente rapidamente se transforma numa viagem intensa, com momentos de descoberta pessoal e confrontos com os pr\u00f3prios medos.<\/p>\n<p>A hist\u00f3ria passa-se numa pequena cidade do Oregon, onde cada um dos mi\u00fados enfrenta os seus pr\u00f3prios dilemas: Gordie lida com o luto pela morte do irm\u00e3o e a frieza dos pais; Chris quer afastar-se da reputa\u00e7\u00e3o da sua fam\u00edlia; Teddy vive marcado por um trauma relacionado com o pai; e Vern \u00e9 ing\u00e9nuo, muitas vezes alvo de tro\u00e7a. Durante a caminhada pela linha de comboio, entre conversas, brincadeiras e tens\u00f5es, v\u00e3o-se revelando camadas mais profundas das personagens.<\/p>\n<p>Carregue na galeria para conhecer os melhores filmes que vai poder ver na televis\u00e3o este fim de semana.<\/p>\n<p>Carregue na galeria para conhecer os melhores filmes que vai poder ver na televis\u00e3o este fim de semana.<\/p>\n","protected":false},"excerpt":{"rendered":"Cen\u00e1rios paradis\u00edacos, liberdade sexual e muita emo\u00e7\u00e3o. O estilo de Luca Guadagnino \u00e9 f\u00e1cil de reconhecer em quase&hellip;\n","protected":false},"author":2,"featured_media":151771,"comment_status":"","ping_status":"","sticky":false,"template":"","format":"standard","meta":{"footnotes":""},"categories":[140],"tags":[114,115,147,148,146,32,33],"class_list":{"0":"post-151770","1":"post","2":"type-post","3":"status-publish","4":"format-standard","5":"has-post-thumbnail","7":"category-filmes","8":"tag-entertainment","9":"tag-entretenimento","10":"tag-film","11":"tag-filmes","12":"tag-movies","13":"tag-portugal","14":"tag-pt"},"share_on_mastodon":{"url":"https:\/\/pubeurope.com\/@pt\/115548574424527406","error":""},"_links":{"self":[{"href":"https:\/\/www.europesays.com\/pt\/wp-json\/wp\/v2\/posts\/151770","targetHints":{"allow":["GET"]}}],"collection":[{"href":"https:\/\/www.europesays.com\/pt\/wp-json\/wp\/v2\/posts"}],"about":[{"href":"https:\/\/www.europesays.com\/pt\/wp-json\/wp\/v2\/types\/post"}],"author":[{"embeddable":true,"href":"https:\/\/www.europesays.com\/pt\/wp-json\/wp\/v2\/users\/2"}],"replies":[{"embeddable":true,"href":"https:\/\/www.europesays.com\/pt\/wp-json\/wp\/v2\/comments?post=151770"}],"version-history":[{"count":0,"href":"https:\/\/www.europesays.com\/pt\/wp-json\/wp\/v2\/posts\/151770\/revisions"}],"wp:featuredmedia":[{"embeddable":true,"href":"https:\/\/www.europesays.com\/pt\/wp-json\/wp\/v2\/media\/151771"}],"wp:attachment":[{"href":"https:\/\/www.europesays.com\/pt\/wp-json\/wp\/v2\/media?parent=151770"}],"wp:term":[{"taxonomy":"category","embeddable":true,"href":"https:\/\/www.europesays.com\/pt\/wp-json\/wp\/v2\/categories?post=151770"},{"taxonomy":"post_tag","embeddable":true,"href":"https:\/\/www.europesays.com\/pt\/wp-json\/wp\/v2\/tags?post=151770"}],"curies":[{"name":"wp","href":"https:\/\/api.w.org\/{rel}","templated":true}]}}