{"id":151782,"date":"2025-11-14T14:54:14","date_gmt":"2025-11-14T14:54:14","guid":{"rendered":"https:\/\/www.europesays.com\/pt\/151782\/"},"modified":"2025-11-14T14:54:14","modified_gmt":"2025-11-14T14:54:14","slug":"ha-22-anos-um-dos-maiores-filmes-de-aventura-de-todos-os-tempos-era-lancado-o-final-epico-de-uma-trilogia-monumental-que-ganhou-11-oscars-noticias-de-cinema","status":"publish","type":"post","link":"https:\/\/www.europesays.com\/pt\/151782\/","title":{"rendered":"H\u00e1 22 anos, um dos maiores filmes de aventura de todos os tempos era lan\u00e7ado: O final \u00e9pico de uma trilogia monumental que ganhou 11 Oscars &#8211; Not\u00edcias de cinema"},"content":{"rendered":"<p class=\"bo-p\">Enquanto <b>Frodo<\/b> e <b>Sam<\/b> avan\u00e7am em dire\u00e7\u00e3o \u00e0 Montanha da Perdi\u00e7\u00e3o, liderados pelo torturado <b>Gollum<\/b>, a Terra-m\u00e9dia se prepara para sua resist\u00eancia final. Gondor e Rohan re\u00fanem suas for\u00e7as contra a iminente ofensiva de <b>Sauron<\/b>, enquanto <b>Aragorn <\/b>finalmente aceita seu destino como herdeiro do trono. E tudo converge para os Campos de Pelennor, onde os destinos de homens, elfos e hobbits s\u00e3o decididos entre o fogo e o a\u00e7o.<\/p>\n<p class=\"bo-p\">Lan\u00e7ado em 2003, <a href=\"https:\/\/www.adorocinema.com\/filmes\/filme-39187\/\" class=\"bo-link\" rel=\"nofollow noopener\" target=\"_blank\">O Senhor dos An\u00e9is: O Retorno do Rei<\/a> foi a <a href=\"https:\/\/www.adorocinema.com\/noticias\/filmes\/noticia-1000118618\/\" class=\"bo-link\" rel=\"nofollow noopener\" target=\"_blank\">conclus\u00e3o perfeita para a trilogia monumental<\/a> de <a href=\"https:\/\/www.adorocinema.com\/personalidades\/personalidade-12243\/\" class=\"bo-link\" rel=\"nofollow noopener\" target=\"_blank\">Peter Jackson<\/a>. Com mais de tr\u00eas horas de dura\u00e7\u00e3o e visuais in\u00e9ditos, o filme consolidou a saga como uma das maiores conquistas cinematogr\u00e1ficas da hist\u00f3ria. Mais de duas d\u00e9cadas depois, continua sendo uma experi\u00eancia incompar\u00e1vel para quem busca se perder na magia e na natureza \u00e9pica da Terra-m\u00e9dia.<\/p>\n<p>Um feito irrepet\u00edvel<\/p>\n<p>                                <img loading=\"lazy\" decoding=\"async\" class=\"article-figure-img\" src=\"https:\/\/www.europesays.com\/pt\/wp-content\/uploads\/2025\/11\/459ef66b1ab45f8cf18081fe5eaf1147.jpg\" width=\"640\" height=\"320\" alt=\"\"\/><\/p>\n<p>                                    New Line Cinema<\/p>\n<p class=\"bo-p\"><a href=\"https:\/\/www.adorocinema.com\/noticias\/filmes\/noticia-1000144864\/\" class=\"bo-link\" rel=\"nofollow noopener\" target=\"_blank\">Rever O Senhor dos An\u00e9is<\/a> significa retornar a uma era em que o cinema de aventura estava no auge. A trilogia n\u00e3o apenas adaptou fielmente a obra de <a href=\"https:\/\/www.adorocinema.com\/personalidades\/personalidade-68209\/\" class=\"bo-link\" rel=\"nofollow noopener\" target=\"_blank\">J.R.R. Tolkien<\/a>, mas tamb\u00e9m transformou a fantasia em um fen\u00f4meno global. Com quase US$ 3 bilh\u00f5es em bilheteria, os tr\u00eas filmes se tornaram sucessos sem precedentes e triunfaram em todas as temporadas de premia\u00e7\u00f5es.<\/p>\n<p class=\"bo-p\"><a href=\"https:\/\/www.adorocinema.com\/noticias\/filmes\/noticia-1000126408\/\" class=\"bo-link\" rel=\"nofollow noopener\" target=\"_blank\">Vencedor de 11 Oscars<\/a>, O Retorno do Rei culminou a saga com um feito art\u00edstico e t\u00e9cnico raramente reproduzido. Seu equil\u00edbrio entre espet\u00e1culo, emo\u00e7\u00e3o e humanidade fez do \u00e9pico uma obra-prima que continuamos a celebrar.<\/p>\n<p class=\"bo-p\">Al\u00e9m de ser um \u00f3timo filme, tamb\u00e9m faz parte de uma jornada emocional que presta homenagem \u00e0 amizade e fala de sacrif\u00edcio e esperan\u00e7a. Assistir a ele hoje continua sendo uma experi\u00eancia profunda e at\u00e9 mesmo um lembrete do porqu\u00ea amamos o cinema.<\/p>\n<p class=\"bo-p\">Ent\u00e3o, se voc\u00ea tiver tempo \u2013 j\u00e1 que a trilogia tem um total de 9 horas e 18 minutos de dura\u00e7\u00e3o \u2013 \u00e9 uma boa ideia assistir novamente \u00e0 saga: <a href=\"https:\/\/www.adorocinema.com\/filmes\/filme-27070\/\" class=\"bo-link\" rel=\"nofollow noopener\" target=\"_blank\">A Sociedade do Anel<\/a>, <a href=\"https:\/\/www.adorocinema.com\/filmes\/filme-39186\/\" class=\"bo-link\" rel=\"nofollow noopener\" target=\"_blank\">As Duas Torres<\/a> e <b>O Retorno do Rei<\/b> est\u00e3o dispon\u00edveis na HBO Max.<\/p>\n","protected":false},"excerpt":{"rendered":"Enquanto Frodo e Sam avan\u00e7am em dire\u00e7\u00e3o \u00e0 Montanha da Perdi\u00e7\u00e3o, liderados pelo torturado Gollum, a Terra-m\u00e9dia se&hellip;\n","protected":false},"author":2,"featured_media":151783,"comment_status":"","ping_status":"","sticky":false,"template":"","format":"standard","meta":{"footnotes":""},"categories":[140],"tags":[114,115,147,148,146,32,33],"class_list":{"0":"post-151782","1":"post","2":"type-post","3":"status-publish","4":"format-standard","5":"has-post-thumbnail","7":"category-filmes","8":"tag-entertainment","9":"tag-entretenimento","10":"tag-film","11":"tag-filmes","12":"tag-movies","13":"tag-portugal","14":"tag-pt"},"share_on_mastodon":{"url":"https:\/\/pubeurope.com\/@pt\/115548629684471019","error":""},"_links":{"self":[{"href":"https:\/\/www.europesays.com\/pt\/wp-json\/wp\/v2\/posts\/151782","targetHints":{"allow":["GET"]}}],"collection":[{"href":"https:\/\/www.europesays.com\/pt\/wp-json\/wp\/v2\/posts"}],"about":[{"href":"https:\/\/www.europesays.com\/pt\/wp-json\/wp\/v2\/types\/post"}],"author":[{"embeddable":true,"href":"https:\/\/www.europesays.com\/pt\/wp-json\/wp\/v2\/users\/2"}],"replies":[{"embeddable":true,"href":"https:\/\/www.europesays.com\/pt\/wp-json\/wp\/v2\/comments?post=151782"}],"version-history":[{"count":0,"href":"https:\/\/www.europesays.com\/pt\/wp-json\/wp\/v2\/posts\/151782\/revisions"}],"wp:featuredmedia":[{"embeddable":true,"href":"https:\/\/www.europesays.com\/pt\/wp-json\/wp\/v2\/media\/151783"}],"wp:attachment":[{"href":"https:\/\/www.europesays.com\/pt\/wp-json\/wp\/v2\/media?parent=151782"}],"wp:term":[{"taxonomy":"category","embeddable":true,"href":"https:\/\/www.europesays.com\/pt\/wp-json\/wp\/v2\/categories?post=151782"},{"taxonomy":"post_tag","embeddable":true,"href":"https:\/\/www.europesays.com\/pt\/wp-json\/wp\/v2\/tags?post=151782"}],"curies":[{"name":"wp","href":"https:\/\/api.w.org\/{rel}","templated":true}]}}