{"id":151788,"date":"2025-11-14T14:59:13","date_gmt":"2025-11-14T14:59:13","guid":{"rendered":"https:\/\/www.europesays.com\/pt\/151788\/"},"modified":"2025-11-14T14:59:13","modified_gmt":"2025-11-14T14:59:13","slug":"autoridades-alertam-para-risco-de-incendio-em-varios-peugeot-saiba-quais","status":"publish","type":"post","link":"https:\/\/www.europesays.com\/pt\/151788\/","title":{"rendered":"Autoridades alertam para risco de inc\u00eandio em v\u00e1rios Peugeot. Saiba quais"},"content":{"rendered":"<p>Foi emitido um alerta na Uni\u00e3o Europeia, incluindo\u00a0Portugal, para o\u00a0risco de inc\u00eandio em v\u00e1rios modelos da\u00a0Peugeot\u00a0devido a um defeito. S\u00e3o todos h\u00edbridos (h\u00edbridos plug-in e mild-hybrid).<\/p>\n<p>O aviso da Dire\u00e7\u00e3o-Geral do Consumidor foi emitido esta quinta-feira, 13 de novembro, na sequ\u00eancia de um alerta europeu do Safety Gate. S\u00e3o afetados os Peugeot 308 III, 408, 3008 II e 3008 III, assim como os 5008 II e 5008 III.<\/p>\n<p>Os autom\u00f3veis podem incendiar, devido a uma poss\u00edvel fuga no tubo de combust\u00edvel sob o capot. Na origem do problema, est\u00e1 &#8220;uma falha na interface de engate da liga\u00e7\u00e3o r\u00e1pida fixa na bomba de alta press\u00e3o&#8221;.<\/p>\n<p>A notifica\u00e7\u00e3o original surgiu em Fran\u00e7a, onde a solu\u00e7\u00e3o foi avan\u00e7ar para a recolha dos autom\u00f3veis potencialmente afetados &#8211; que n\u00e3o cumprem os regulamentos de homologa\u00e7\u00e3o e fiscaliza\u00e7\u00e3o. Foram, tamb\u00e9m, abrangidos, outros pa\u00edses europeus &#8211; incluindo Portugal.<\/p>\n<p>O Auto ao Minuto tentou entrar em contacto com a Dire\u00e7\u00e3o-Geral do Consumidor para perceber quantos carros poder\u00e3o estar abrangidos em Portugal e como devem agir os propriet\u00e1rios destes ve\u00edculos no pa\u00eds. Ainda aguard\u00e1vamos resposta \u00e0 hora de publica\u00e7\u00e3o desta not\u00edcia.<\/p>\n<p>Estes s\u00e3o os autom\u00f3veis abrangidos pela recolha e as datas de produ\u00e7\u00e3o<\/p>\n<ul>&#13;<\/p>\n<li>9 de fevereiro de 2023 a 23 de maio de 2024: Peugeot 3008 II<\/li>\n<p>&#13;<\/p>\n<li>9 de fevereiro de 2023 a 14 de setembro de 2024: Peugeot 5008 II<\/li>\n<p>&#13;<\/p>\n<li>15 de fevereiro de 2023 a 13 de setembro de 2024: Peugeot 308 II<\/li>\n<p>&#13;<\/p>\n<li>29 de abril de 2023 a 13 de setembro de 2024: Peugeot 408<\/li>\n<p>&#13;<\/p>\n<li>26 de julho de 2023 a 13 de setembro de 2024: Peugeot 3008 III<\/li>\n<p>&#13;<\/p>\n<li>5 de dezembro de 2023 a 13 de setembro de 2024: Peugeot 5008 III<\/li>\n<p>&#13;\n                                                    <\/ul>\n<blockquote class=\"instagram-media\" style=\"background: #FFF; border: 0; border-radius: 3px; box-shadow: 0 0 1px 0 rgba(0,0,0,0.5),0 1px 10px 0 rgba(0,0,0,0.15); margin: 1px; max-width: 540px; min-width: 326px; padding: 0; width: calc(100% - 2px);\" data-instgrm-captioned=\"\" data-instgrm-permalink=\"https:\/\/www.instagram.com\/p\/DQ_vf4tCLc4\/?utm_source=ig_embed&amp;utm_campaign=loading\" data-instgrm-version=\"14\"><p>&#13;<br \/>\n                                                    &#13;\n                                                    <\/p><\/blockquote>\n<p>Leia Tamb\u00e9m: <a href=\"https:\/\/www.noticiasaominuto.com\/auto\/2871133\/novo-peugeot-208-chega-em-2026-e-promete-ser-revolucionario\" target=\"_blank\" rel=\"noopener noreferrer nofollow\">Novo Peugeot 208 chega em 2026 para abrir nova era na Stellantis<\/a><\/p>\n<p>                                    <script async src=\"\/\/www.instagram.com\/embed.js\"><\/script><\/p>\n","protected":false},"excerpt":{"rendered":"Foi emitido um alerta na Uni\u00e3o Europeia, incluindo\u00a0Portugal, para o\u00a0risco de inc\u00eandio em v\u00e1rios modelos da\u00a0Peugeot\u00a0devido a um&hellip;\n","protected":false},"author":2,"featured_media":151789,"comment_status":"","ping_status":"","sticky":false,"template":"","format":"standard","meta":{"footnotes":""},"categories":[83],"tags":[88,89,90,32,33],"class_list":{"0":"post-151788","1":"post","2":"type-post","3":"status-publish","4":"format-standard","5":"has-post-thumbnail","7":"category-empresas","8":"tag-business","9":"tag-economy","10":"tag-empresas","11":"tag-portugal","12":"tag-pt"},"share_on_mastodon":{"url":"https:\/\/pubeurope.com\/@pt\/115548649161854394","error":""},"_links":{"self":[{"href":"https:\/\/www.europesays.com\/pt\/wp-json\/wp\/v2\/posts\/151788","targetHints":{"allow":["GET"]}}],"collection":[{"href":"https:\/\/www.europesays.com\/pt\/wp-json\/wp\/v2\/posts"}],"about":[{"href":"https:\/\/www.europesays.com\/pt\/wp-json\/wp\/v2\/types\/post"}],"author":[{"embeddable":true,"href":"https:\/\/www.europesays.com\/pt\/wp-json\/wp\/v2\/users\/2"}],"replies":[{"embeddable":true,"href":"https:\/\/www.europesays.com\/pt\/wp-json\/wp\/v2\/comments?post=151788"}],"version-history":[{"count":0,"href":"https:\/\/www.europesays.com\/pt\/wp-json\/wp\/v2\/posts\/151788\/revisions"}],"wp:featuredmedia":[{"embeddable":true,"href":"https:\/\/www.europesays.com\/pt\/wp-json\/wp\/v2\/media\/151789"}],"wp:attachment":[{"href":"https:\/\/www.europesays.com\/pt\/wp-json\/wp\/v2\/media?parent=151788"}],"wp:term":[{"taxonomy":"category","embeddable":true,"href":"https:\/\/www.europesays.com\/pt\/wp-json\/wp\/v2\/categories?post=151788"},{"taxonomy":"post_tag","embeddable":true,"href":"https:\/\/www.europesays.com\/pt\/wp-json\/wp\/v2\/tags?post=151788"}],"curies":[{"name":"wp","href":"https:\/\/api.w.org\/{rel}","templated":true}]}}