{"id":151792,"date":"2025-11-14T15:01:33","date_gmt":"2025-11-14T15:01:33","guid":{"rendered":"https:\/\/www.europesays.com\/pt\/151792\/"},"modified":"2025-11-14T15:01:33","modified_gmt":"2025-11-14T15:01:33","slug":"falsos-estafetas-de-aplicacoes-moveis-psp-desfaz-rede-de-trafico-de-droga","status":"publish","type":"post","link":"https:\/\/www.europesays.com\/pt\/151792\/","title":{"rendered":"Falsos estafetas de aplica\u00e7\u00f5es m\u00f3veis. PSP desfaz rede de tr\u00e1fico de droga"},"content":{"rendered":"<p>                A opera\u00e7\u00e3o teve lugar na passada ter\u00e7a-feira em Lisboa. Na mira das autoridades esteve uma <b>alegada rede de tr\u00e1fico de droga atrav\u00e9s de aplica\u00e7\u00f5es inform\u00e1ticas<\/b> e <b>com recurso a falsos estafetas de plataformas de distribui\u00e7\u00e3o<\/b>, segundo adiantou esta sexta-feira o Comando Metropolitano de Lisboa da PSP.Ao cabo de v\u00e1rios meses de investiga\u00e7\u00e3o, foram detidos cinco homens e uma mulher, com idades entre os 30 e os 36 anos.<\/p>\n<p>&#8220;<b>Os arguidos<\/b>, com conhecimentos avan\u00e7ados, <b>desenvolviam aplicativos que potenciavam a venda de v\u00e1rias tipologias de droga, previs\u00e3o de local de entrega e formas de pagamento digitais<\/b> com o claro objetivo de se furtar \u00e0 atividade das pol\u00edcias&#8221;, indica o Cometilis em comunicado.<\/p>\n<p>Ainda segundo a Pol\u00edcia de Seguran\u00e7a P\u00fablica, <b>a distribui\u00e7\u00e3o de encomendas era posteriormente entregue a um grupo de pessoas que se faziam passar por estafetas<\/b> de plataformas de distribui\u00e7\u00e3o.<\/p>\n<p>Durante esta opera\u00e7\u00e3o, que decorreu na \u00c1rea Metropolitana de Lisboa, foram efetuadas sete buscas domicili\u00e1rias e apreendidas <b>8.944 doses individuais de haxixe, 5.490 doses de coca\u00edna, 2.500 de liamba e 4.460 de MDMA<\/b>. Os agentes encontraram tamb\u00e9m <b>307 gramas de cogumelos alucinog\u00e9nios, 1,5 quilos de produtos de mistura qu\u00edmica e 1.540 euros em dinheiro<\/b>.<\/p>\n<p><b>Quatro dos arguidos ficaram em pris\u00e3o preventiva<\/b>. Outro dois est\u00e3o obrigados a apresenta\u00e7\u00f5es peri\u00f3dicas \u00e0s autoridades.<\/p>\n<p>c\/ Lusa<br \/>&#13;\n            <\/p>\n","protected":false},"excerpt":{"rendered":"A opera\u00e7\u00e3o teve lugar na passada ter\u00e7a-feira em Lisboa. Na mira das autoridades esteve uma alegada rede de&hellip;\n","protected":false},"author":2,"featured_media":151793,"comment_status":"","ping_status":"","sticky":false,"template":"","format":"standard","meta":{"footnotes":""},"categories":[10],"tags":[27,28,2624,15,16,14,25,26,21,22,12,13,19,20,5750,32,23,24,1306,33,23952,17,18,27969,29,30,31],"class_list":{"0":"post-151792","1":"post","2":"type-post","3":"status-publish","4":"format-standard","5":"has-post-thumbnail","7":"category-portugal","8":"tag-breaking-news","9":"tag-breakingnews","10":"tag-droga","11":"tag-featured-news","12":"tag-featurednews","13":"tag-headlines","14":"tag-latest-news","15":"tag-latestnews","16":"tag-main-news","17":"tag-mainnews","18":"tag-news","19":"tag-noticias","20":"tag-noticias-principais","21":"tag-noticiasprincipais","22":"tag-operacao","23":"tag-portugal","24":"tag-principais-noticias","25":"tag-principaisnoticias","26":"tag-psp","27":"tag-pt","28":"tag-rede","29":"tag-top-stories","30":"tag-topstories","31":"tag-trafico","32":"tag-ultimas","33":"tag-ultimas-noticias","34":"tag-ultimasnoticias"},"share_on_mastodon":{"url":"https:\/\/pubeurope.com\/@pt\/115548657107845764","error":""},"_links":{"self":[{"href":"https:\/\/www.europesays.com\/pt\/wp-json\/wp\/v2\/posts\/151792","targetHints":{"allow":["GET"]}}],"collection":[{"href":"https:\/\/www.europesays.com\/pt\/wp-json\/wp\/v2\/posts"}],"about":[{"href":"https:\/\/www.europesays.com\/pt\/wp-json\/wp\/v2\/types\/post"}],"author":[{"embeddable":true,"href":"https:\/\/www.europesays.com\/pt\/wp-json\/wp\/v2\/users\/2"}],"replies":[{"embeddable":true,"href":"https:\/\/www.europesays.com\/pt\/wp-json\/wp\/v2\/comments?post=151792"}],"version-history":[{"count":0,"href":"https:\/\/www.europesays.com\/pt\/wp-json\/wp\/v2\/posts\/151792\/revisions"}],"wp:featuredmedia":[{"embeddable":true,"href":"https:\/\/www.europesays.com\/pt\/wp-json\/wp\/v2\/media\/151793"}],"wp:attachment":[{"href":"https:\/\/www.europesays.com\/pt\/wp-json\/wp\/v2\/media?parent=151792"}],"wp:term":[{"taxonomy":"category","embeddable":true,"href":"https:\/\/www.europesays.com\/pt\/wp-json\/wp\/v2\/categories?post=151792"},{"taxonomy":"post_tag","embeddable":true,"href":"https:\/\/www.europesays.com\/pt\/wp-json\/wp\/v2\/tags?post=151792"}],"curies":[{"name":"wp","href":"https:\/\/api.w.org\/{rel}","templated":true}]}}