{"id":151800,"date":"2025-11-14T15:06:09","date_gmt":"2025-11-14T15:06:09","guid":{"rendered":"https:\/\/www.europesays.com\/pt\/151800\/"},"modified":"2025-11-14T15:06:09","modified_gmt":"2025-11-14T15:06:09","slug":"vem-ai-em-terra-forte-traicao-de-marcus-e-descoberta-novelas","status":"publish","type":"post","link":"https:\/\/www.europesays.com\/pt\/151800\/","title":{"rendered":"Vem a\u00ed em \u00abTerra Forte\u00bb: Trai\u00e7\u00e3o de Marcus \u00e9 descoberta &#8211; Novelas"},"content":{"rendered":"<p>Em \u00abTerra Forte\u00bb, <a href=\"https:\/\/tvi.iol.pt\/novelas\/videos\/terra-forte-marcus-tem-um-novo-plano-para-destruir-maria-de-fatima-e-a-acoreana\/68fa5c1f0cf29d28d8298112\" rel=\"nofollow noopener\" target=\"_blank\">Marcus (Vitor Hugo)<\/a>\u00a0ouve comprometido <a href=\"https:\/\/tvi.iol.pt\/novelas\/videos\/terra-forte-maria-de-fatima-ameaca-gloria\/68fa5c280cf29d28d8298113\" rel=\"nofollow noopener\" target=\"_blank\">Gl\u00f3ria (Maria Jo\u00e3o Pinho)<\/a>\u00a0a repreend\u00ea-lo por se ter envolvido com Vivi, argumentando que de vez em quando tem de cumprir com as suas fun\u00e7\u00f5es maritais. Vini (Gustavo Alves), a ouvir tudo, olha surpreso para o pai.<\/p>\n<p>Vini avisa Marcus que espera que ele n\u00e3o ande a trair <a href=\"https:\/\/tvi.iol.pt\/novelas\/videos\/maria-de-fatima-toma-decisao-sobre-vivi-esta-demitida\/68f8e7750cf285ab53a6b259\" rel=\"nofollow noopener\" target=\"_blank\">Vivi (Sofia Nicholson)<\/a> e que est\u00e1 a tratar de arranjar trabalho no bar da praia para ajudar a fam\u00edlia.<\/p>\n","protected":false},"excerpt":{"rendered":"Em \u00abTerra Forte\u00bb, Marcus (Vitor Hugo)\u00a0ouve comprometido Gl\u00f3ria (Maria Jo\u00e3o Pinho)\u00a0a repreend\u00ea-lo por se ter envolvido com Vivi,&hellip;\n","protected":false},"author":2,"featured_media":151801,"comment_status":"","ping_status":"","sticky":false,"template":"","format":"standard","meta":{"footnotes":""},"categories":[142],"tags":[160,166,114,115,157,167,16451,164,29765,18616,161,158,165,159,32,33,156,18614,163,151,162,6094],"class_list":{"0":"post-151800","1":"post","2":"type-post","3":"status-publish","4":"format-standard","5":"has-post-thumbnail","7":"category-tv","8":"tag-ana-guiomar","9":"tag-cristina-ferreira","10":"tag-entertainment","11":"tag-entretenimento","12":"tag-festa-e-festa","13":"tag-ficcao","14":"tag-gloria","15":"tag-jose-fidalgo","16":"tag-marcus","17":"tag-maria-joao-pinho","18":"tag-novelas","19":"tag-para-sempre","20":"tag-pedro-sousa","21":"tag-pedro-teixeira","22":"tag-portugal","23":"tag-pt","24":"tag-queridos-papas","25":"tag-terra-forte","26":"tag-tiago-teotonio-pereira","27":"tag-tv","28":"tag-tvi","29":"tag-vitor-hugo"},"share_on_mastodon":{"url":"https:\/\/pubeurope.com\/@pt\/115548676920772452","error":""},"_links":{"self":[{"href":"https:\/\/www.europesays.com\/pt\/wp-json\/wp\/v2\/posts\/151800","targetHints":{"allow":["GET"]}}],"collection":[{"href":"https:\/\/www.europesays.com\/pt\/wp-json\/wp\/v2\/posts"}],"about":[{"href":"https:\/\/www.europesays.com\/pt\/wp-json\/wp\/v2\/types\/post"}],"author":[{"embeddable":true,"href":"https:\/\/www.europesays.com\/pt\/wp-json\/wp\/v2\/users\/2"}],"replies":[{"embeddable":true,"href":"https:\/\/www.europesays.com\/pt\/wp-json\/wp\/v2\/comments?post=151800"}],"version-history":[{"count":0,"href":"https:\/\/www.europesays.com\/pt\/wp-json\/wp\/v2\/posts\/151800\/revisions"}],"wp:featuredmedia":[{"embeddable":true,"href":"https:\/\/www.europesays.com\/pt\/wp-json\/wp\/v2\/media\/151801"}],"wp:attachment":[{"href":"https:\/\/www.europesays.com\/pt\/wp-json\/wp\/v2\/media?parent=151800"}],"wp:term":[{"taxonomy":"category","embeddable":true,"href":"https:\/\/www.europesays.com\/pt\/wp-json\/wp\/v2\/categories?post=151800"},{"taxonomy":"post_tag","embeddable":true,"href":"https:\/\/www.europesays.com\/pt\/wp-json\/wp\/v2\/tags?post=151800"}],"curies":[{"name":"wp","href":"https:\/\/api.w.org\/{rel}","templated":true}]}}