{"id":151802,"date":"2025-11-14T15:07:14","date_gmt":"2025-11-14T15:07:14","guid":{"rendered":"https:\/\/www.europesays.com\/pt\/151802\/"},"modified":"2025-11-14T15:07:14","modified_gmt":"2025-11-14T15:07:14","slug":"megadeth-lanca-i-dont-care-faixa-de-seu-proximo-e-ultimo-disco-de-estudio","status":"publish","type":"post","link":"https:\/\/www.europesays.com\/pt\/151802\/","title":{"rendered":"Megadeth lan\u00e7a &#8220;I Don&#8217;t Care&#8221;, faixa de seu pr\u00f3ximo &#8211; e \u00faltimo &#8211; disco de est\u00fadio"},"content":{"rendered":"<p>Foi divulgada nesta sexta-feira (14 de novembro) &#8220;I Don&#8217;t Care&#8221;, faixa do pr\u00f3ximo (e \u00faltimo) disco de est\u00fadio do <a href=\"https:\/\/whiplash.net\/bandas\/m\/megadeth.html\" class=\"hotwords\" rel=\"nofollow noopener\" target=\"_blank\">Megadeth<\/a>. Batizado com o nome da banda, o \u00e1lbum tem lan\u00e7amento programado para o dia 23 de janeiro de 2026.<\/p>\n<p>&#8220;I Don&#8217;t Care&#8221; \u00e9 o segundo single de &#8220;Megadeth&#8221; e sucede &#8220;Tipping Point&#8221;, lan\u00e7ado em outubro. A nova m\u00fasica do quarteto chegou \u00e0s plataformas digitais e pode ser conferida via Spotify no player a seguir. O <a href=\"https:\/\/www.youtube.com\/watch?v=-E4O5VlRYOY\" rel=\"nofollow noopener\" target=\"_blank\">v\u00eddeo oficial da faixa<\/a> tem estreia prevista para as 13 h desta sexta-feira.<\/p>\n<p><a href=\"https:\/\/whiplash.net\/bandas\/m\/megadeth.html\" class=\"linkBotao\" rel=\"nofollow noopener\" target=\"_blank\">Megadeth &#8211; Mais Novidades<\/a><\/p>\n<p>CONTINUA DEPOIS DA PUBLICIDADE &#8211; CLI<\/p>\n<p>&#13;<br \/>\n&#13;<br \/>\n&#13;<br \/>\n&#13;<br \/>\n&#13;<br \/>\n&#13;<br \/>\n&#13;<br \/>\n&#13;<br \/>\n<a href=\"https:\/\/whiplash.net\/materias\/whiplash\/027002.html\" rel=\"nofollow noopener\" target=\"_blank\"><img decoding=\"async\" src=\"https:\/\/www.europesays.com\/pt\/wp-content\/uploads\/2025\/10\/1760413028_813_anunciar_diabo_336x280.gif\" loading=\"lazy\" width=\"336\" height=\"280\" class=\"widthConstrained\" style=\"background-color:#000000;display:block;\" alt=\"Anunciar bandas e shows de Rock e Heavy Metal\"\/><\/a>&#13;<\/p>\n<p>A turn\u00ea de &#8220;Megadeth&#8221; ser\u00e1 a \u00faltima da banda liderada pelo guitarrista e vocalista Dave Mustaine. <a href=\"https:\/\/whiplash.net\/materias\/news_677\/374192-megadeth.html\" rel=\"nofollow noopener\" target=\"_blank\">O giro de shows, que pode se estender por at\u00e9 cinco anos, passar\u00e1 pelo Brasil em maio de 2026.<\/a><\/p>\n<p><a target=\"_blank\" href=\"https:\/\/www.europesays.com\/pt\/wp-content\/uploads\/2025\/10\/megadeth_divulgacao_ross_halfin.jpg\"><img loading=\"lazy\" decoding=\"async\" src=\"https:\/\/www.europesays.com\/pt\/wp-content\/uploads\/2025\/10\/megadeth_divulgacao_ross_halfin.jpg\" class=\"widthConstrained\" width=\"700\" height=\"523\" alt=\"Foto: Ross Halfin\"\/><\/a>Foto: Ross Halfin<\/p>\n<p>&#8220;Megadeth&#8221; ter\u00e1 como faixa-b\u00f4nus uma releitura de &#8220;Ride the Lightning&#8221;, cl\u00e1ssico do <a href=\"https:\/\/whiplash.net\/bandas\/m\/metallica.html\" class=\"hotwords\" rel=\"nofollow noopener\" target=\"_blank\">Metallica<\/a>, grupo que Mustaine integrou no in\u00edcio da d\u00e9cada de 1980. Segundo ele, n\u00e3o se trata de um cover &#8211; e os motivos podem ser conferidos na mat\u00e9ria abaixo.<\/p>\n<p>CONTINUA DEPOIS DA PUBLICIDADE &#8211; GOO<\/p>\n<p>&#13;<br \/>\n&#13;<br \/>\n&#13;<br \/>\n&#13;<br \/>\n<a href=\"https:\/\/whiplash.net\/materias\/whiplash\/027002.html\" rel=\"nofollow noopener\" target=\"_blank\"><img decoding=\"async\" src=\"https:\/\/www.europesays.com\/pt\/wp-content\/uploads\/2025\/10\/1760413028_813_anunciar_diabo_336x280.gif\" loading=\"lazy\" width=\"336\" height=\"280\" alt=\"Anunciar no Whiplash.Net\"\/><\/a>&#13;<br \/>\n&#13;<br \/>\n&#13;<br \/>\n&#13;<br \/>\n&#13;<br \/>\n&#13;<br \/>\n<a href=\"https:\/\/whiplash.net\/materias\/whiplash\/027002.html\" rel=\"nofollow noopener\" target=\"_blank\"><img decoding=\"async\" src=\"https:\/\/www.europesays.com\/pt\/wp-content\/uploads\/2025\/10\/1760413028_813_anunciar_diabo_336x280.gif\" loading=\"lazy\" width=\"336\" height=\"280\" class=\"widthConstrained\" style=\"background-color:#000000;display:block;\" alt=\"Anunciar bandas e shows de Rock e Heavy Metal\"\/><\/a>&#13;<\/p>\n","protected":false},"excerpt":{"rendered":"Foi divulgada nesta sexta-feira (14 de novembro) &#8220;I Don&#8217;t Care&#8221;, faixa do pr\u00f3ximo (e \u00faltimo) disco de est\u00fadio&hellip;\n","protected":false},"author":2,"featured_media":134684,"comment_status":"","ping_status":"","sticky":false,"template":"","format":"standard","meta":{"footnotes":""},"categories":[141],"tags":[114,115,149,150,32,33],"class_list":{"0":"post-151802","1":"post","2":"type-post","3":"status-publish","4":"format-standard","5":"has-post-thumbnail","7":"category-musica","8":"tag-entertainment","9":"tag-entretenimento","10":"tag-music","11":"tag-musica","12":"tag-portugal","13":"tag-pt"},"share_on_mastodon":{"url":"https:\/\/pubeurope.com\/@pt\/115548680894579499","error":""},"_links":{"self":[{"href":"https:\/\/www.europesays.com\/pt\/wp-json\/wp\/v2\/posts\/151802","targetHints":{"allow":["GET"]}}],"collection":[{"href":"https:\/\/www.europesays.com\/pt\/wp-json\/wp\/v2\/posts"}],"about":[{"href":"https:\/\/www.europesays.com\/pt\/wp-json\/wp\/v2\/types\/post"}],"author":[{"embeddable":true,"href":"https:\/\/www.europesays.com\/pt\/wp-json\/wp\/v2\/users\/2"}],"replies":[{"embeddable":true,"href":"https:\/\/www.europesays.com\/pt\/wp-json\/wp\/v2\/comments?post=151802"}],"version-history":[{"count":0,"href":"https:\/\/www.europesays.com\/pt\/wp-json\/wp\/v2\/posts\/151802\/revisions"}],"wp:featuredmedia":[{"embeddable":true,"href":"https:\/\/www.europesays.com\/pt\/wp-json\/wp\/v2\/media\/134684"}],"wp:attachment":[{"href":"https:\/\/www.europesays.com\/pt\/wp-json\/wp\/v2\/media?parent=151802"}],"wp:term":[{"taxonomy":"category","embeddable":true,"href":"https:\/\/www.europesays.com\/pt\/wp-json\/wp\/v2\/categories?post=151802"},{"taxonomy":"post_tag","embeddable":true,"href":"https:\/\/www.europesays.com\/pt\/wp-json\/wp\/v2\/tags?post=151802"}],"curies":[{"name":"wp","href":"https:\/\/api.w.org\/{rel}","templated":true}]}}