{"id":151807,"date":"2025-11-14T15:11:12","date_gmt":"2025-11-14T15:11:12","guid":{"rendered":"https:\/\/www.europesays.com\/pt\/151807\/"},"modified":"2025-11-14T15:11:12","modified_gmt":"2025-11-14T15:11:12","slug":"bruno-savate-deixa-mensagem-a-pedro-jorge-apos-este-recusar-desafio-da-voz","status":"publish","type":"post","link":"https:\/\/www.europesays.com\/pt\/151807\/","title":{"rendered":"Bruno Savate deixa mensagem a Pedro Jorge ap\u00f3s este recusar desafio da VOZ"},"content":{"rendered":"<p>\t\t\t\t\t\t\t\t\t\t\t\t<a href=\"#\" onclick=\"window.open('http:\/\/www.facebook.com\/sharer.php?u=https:\/\/cusquices.com\/bruno-savate-deixa-mensagem-a-pedro-jorge-apos-este-recusar-desafio-da-voz\/&amp;t=Bruno Savate deixa mensagem a Pedro Jorge ap\u00f3s este recusar desafio da VOZ', 'facebookShare', 'width=626,height=436'); return false;\" title=\"Share on Facebook\"><\/p>\n<p>Share<\/p>\n<p><\/a><br \/>\n\t\t\t\t\t\t\t\t\t\t\t\t<a href=\"#\" onclick=\"window.open('http:\/\/twitter.com\/share?text=Bruno Savate deixa mensagem a Pedro Jorge ap\u00f3s este recusar desafio da VOZ -&amp;url=https:\/\/cusquices.com\/bruno-savate-deixa-mensagem-a-pedro-jorge-apos-este-recusar-desafio-da-voz\/', 'twitterShare', 'width=626,height=436'); return false;\" title=\"Tweet This Post\"><\/p>\n<p>Tweet<\/p>\n<p><\/a><br \/>\n\t\t\t\t\t\t\t\t\t\t\t\t<a href=\"whatsapp:\/\/send?text=Bruno Savate deixa mensagem a Pedro Jorge ap\u00f3s este recusar desafio da VOZ https:\/\/cusquices.com\/bruno-savate-deixa-mensagem-a-pedro-jorge-apos-este-recusar-desafio-da-voz\/\" rel=\"nofollow\"><\/p>\n<p>Share<\/p>\n<p><\/a><br \/>\n\t\t\t\t\t\t\t\t\t\t\t\t<a href=\"#\" onclick=\"window.open('http:\/\/pinterest.com\/pin\/create\/button\/?url=https:\/\/cusquices.com\/bruno-savate-deixa-mensagem-a-pedro-jorge-apos-este-recusar-desafio-da-voz\/&amp;media=https:\/\/cusquices.com\/wp-content\/uploads\/2025\/11\/savate-pedro-1000x600.jpg&amp;description=Bruno Savate deixa mensagem a Pedro Jorge ap\u00f3s este recusar desafio da VOZ', 'pinterestShare', 'width=750,height=350'); return false;\" title=\"Pin This Post\"><\/p>\n<p>Share<\/p>\n<p><\/a><br \/>\n\t\t\t\t\t\t\t\t\t\t\t\t<a href=\"mailto:?subject=Bruno Savate deixa mensagem a Pedro Jorge ap\u00f3s este recusar desafio da VOZ&amp;BODY=I found this article interesting and thought of sharing it with you. Check it out: https:\/\/cusquices.com\/bruno-savate-deixa-mensagem-a-pedro-jorge-apos-este-recusar-desafio-da-voz\/\"><\/p>\n<p>Email<\/p>\n<p><\/a><br \/>\n\t\t\t\t\t\t\t\t\t\t\t\t\t\t\t\t\t\t\t\t\t\t\t\t\t\t\t\t\t\t\t\t\t\t\t\t\t\t\t\t\t\t\t\t\t\t\t\t\t\t\t\t\t<a href=\"https:\/\/cusquices.com\/bruno-savate-deixa-mensagem-a-pedro-jorge-apos-este-recusar-desafio-da-voz\/#respond\" rel=\"nofollow noopener\" target=\"_blank\"><\/p>\n<p>A recusa de Pedro Jorge em cumprir a miss\u00e3o da VOZ, que o desafiou a passar uma noite no quarto secreto com Liliana, desencadeou uma avalanche de rea\u00e7\u00f5es nas redes sociais. <\/p>\n<p>Enquanto muitos internautas aplaudiram a sua decis\u00e3o, defendendo que o concorrente manteve a sua integridade, outros criticaram-no por n\u00e3o abra\u00e7ar o jogo. Entre os que n\u00e3o ficaram indiferentes esteve tamb\u00e9m <strong>Bruno Savate,<\/strong> que reagiu prontamente e deixou uma mensagem a Pedro Jorge: \u201c<strong>For\u00e7a Pedro<\/strong>\u201c, escreveu  Savate. <\/p>\n<p>Os f\u00e3s do veterano dos reality shows tamb\u00e9m n\u00e3o tardaram a reagir e salientaram a postura de Cristina Ferreira, que mais uma vez desiludiu:<strong> \u201cMais uma vez a voz e a Cristina a tentarem queimar o Pedro.\u201d, \u201cSer\u00e1 impress\u00e3o minha ou a Cristina ainda est\u00e1 mais agressiva ( ressabiada) com o Pedro desde que l\u00e1 foste Bruno\u201d, \u201cA Cristina n\u00e3o gostou dos teus avi\u00f5es que desvirtuam o jogo.. Mas ap\u00f3s um concorrente negar um desafio (que tinha um claro objectivo, que era voltar a melindrar a rela\u00e7\u00e3o.) Ela n\u00e3o se importou em \u201cdesvirtuar\u201d o jogo quando \u201camea\u00e7ou\u201d o concorrente de que ao negar miss\u00f5es e desafios fica mal visto c\u00e1 fora\u2026 Hipocrisia n\u00edvel 100!\u201d, \u201cBruno deverias ter dito muito mais \u00e0 Cristina. O que ela faz para prejudicar o Pedro \u00e9 favorecer a galderia \u00e9 vergonhoso.\u201d, \u201cAparentemente algu\u00e9m ficou aborrecida pelas verdades que teve de ouvir no programa conduzido por ela de um ex-concorrente \u201cparvo\u201d (como a pr\u00f3pria intitulou). Enfim, tantos anos de experi\u00eancia como apresentadora e n\u00e3o aprendeu nadinha.\u201d<\/strong>, s\u00e3o apenas algumas das rea\u00e7\u00f5es.<\/p>\n<blockquote class=\"twitter-tweet\">\n<p lang=\"pt\" dir=\"ltr\">For\u00e7a Pedro <a href=\"https:\/\/twitter.com\/hashtag\/sstvi?src=hash&amp;ref_src=twsrc%5Etfw\" rel=\"nofollow noopener\" target=\"_blank\">#sstvi<\/a><\/p>\n<p>\u2014 Bruno Savate  (@SavateBruno) <a href=\"https:\/\/twitter.com\/SavateBruno\/status\/1989097137918058497?ref_src=twsrc%5Etfw\" rel=\"nofollow noopener\" target=\"_blank\">November 13, 2025<\/a><\/p><\/blockquote>\n<p><strong>Leia tamb\u00e9m:<\/strong><\/p>\n<p>\t\t\t\t\t\t\t\t\t\t\t\t\t\t\t\t\t\t\t\t\t\t\t\t\t<img decoding=\"async\" src=\"https:\/\/www.europesays.com\/pt\/wp-content\/uploads\/2025\/10\/cusquices-logo-52x.png\" class=\"webpexpress-processed\"\/><\/p>\n<p>\t\t\t\t\t\t\t\t\t\t\t\t\t\t\t\t\t\t\t\t\t            \t\t\t\t\t\t\t\t\t\t\t\t\t\t\t\t\t\t\t\t\t\t\t\t\t\t\t\t\t\t\t\t\t\t\t\t\t\t\t<script async src=\"https:\/\/platform.twitter.com\/widgets.js\" charset=\"utf-8\"><\/script><\/p>\n","protected":false},"excerpt":{"rendered":"Share Tweet Share Share Email A recusa de Pedro Jorge em cumprir a miss\u00e3o da VOZ, que o&hellip;\n","protected":false},"author":2,"featured_media":139709,"comment_status":"","ping_status":"","sticky":false,"template":"","format":"standard","meta":{"footnotes":""},"categories":[85],"tags":[1253,2632,49,114,115,21416,32,33],"class_list":{"0":"post-151807","1":"post","2":"type-post","3":"status-publish","4":"format-standard","5":"has-post-thumbnail","7":"category-entretenimento","8":"tag-bruno-savate","9":"tag-casa-dos-segredos","10":"tag-destaques","11":"tag-entertainment","12":"tag-entretenimento","13":"tag-pedro-jorge","14":"tag-portugal","15":"tag-pt"},"share_on_mastodon":{"url":"https:\/\/pubeurope.com\/@pt\/115548696639035169","error":""},"_links":{"self":[{"href":"https:\/\/www.europesays.com\/pt\/wp-json\/wp\/v2\/posts\/151807","targetHints":{"allow":["GET"]}}],"collection":[{"href":"https:\/\/www.europesays.com\/pt\/wp-json\/wp\/v2\/posts"}],"about":[{"href":"https:\/\/www.europesays.com\/pt\/wp-json\/wp\/v2\/types\/post"}],"author":[{"embeddable":true,"href":"https:\/\/www.europesays.com\/pt\/wp-json\/wp\/v2\/users\/2"}],"replies":[{"embeddable":true,"href":"https:\/\/www.europesays.com\/pt\/wp-json\/wp\/v2\/comments?post=151807"}],"version-history":[{"count":0,"href":"https:\/\/www.europesays.com\/pt\/wp-json\/wp\/v2\/posts\/151807\/revisions"}],"wp:featuredmedia":[{"embeddable":true,"href":"https:\/\/www.europesays.com\/pt\/wp-json\/wp\/v2\/media\/139709"}],"wp:attachment":[{"href":"https:\/\/www.europesays.com\/pt\/wp-json\/wp\/v2\/media?parent=151807"}],"wp:term":[{"taxonomy":"category","embeddable":true,"href":"https:\/\/www.europesays.com\/pt\/wp-json\/wp\/v2\/categories?post=151807"},{"taxonomy":"post_tag","embeddable":true,"href":"https:\/\/www.europesays.com\/pt\/wp-json\/wp\/v2\/tags?post=151807"}],"curies":[{"name":"wp","href":"https:\/\/api.w.org\/{rel}","templated":true}]}}