{"id":151811,"date":"2025-11-14T15:14:13","date_gmt":"2025-11-14T15:14:13","guid":{"rendered":"https:\/\/www.europesays.com\/pt\/151811\/"},"modified":"2025-11-14T15:14:13","modified_gmt":"2025-11-14T15:14:13","slug":"china-avisa-japao-que-sofrera-derrota-esmagadora-se-tentar-intervir-em-taiwan","status":"publish","type":"post","link":"https:\/\/www.europesays.com\/pt\/151811\/","title":{"rendered":"China avisa Jap\u00e3o que sofrer\u00e1 &#8220;derrota esmagadora&#8221; se tentar intervir em Taiwan"},"content":{"rendered":"<p>\t                Ret\u00f3rica chinesa inclui cr\u00edticas \u00e0 postura hist\u00f3rica e militar do Jap\u00e3o, que acusam de tentar reabilitar o militarismo e reescrever a hist\u00f3ria da invas\u00e3o da China<\/p>\n<p>A China avisou o Jap\u00e3o que sofrer\u00e1 uma &#8220;derrota esmagadora&#8221; se tentar intervir militarmente em Taiwan, numa escalada de tens\u00f5es ap\u00f3s declara\u00e7\u00f5es da primeira-ministra japonesa, Sanae Takaichi, sobre a ilha. Takaichi disse no parlamento que um ataque chin\u00eas a Taiwan poderia desencadear uma resposta militar japonesa.<\/p>\n<p>O principal diplomata da China em Osaka partilhou no X uma not\u00edcia sobre as afirma\u00e7\u00f5es de Takaichi acerca de Taiwan e comentou que \u201co pesco\u00e7o sujo que se espeta deve ser cortado\u201d, o que suscitou um protesto da embaixada do Jap\u00e3o em Pequim junto do vice-ministro chin\u00eas dos Neg\u00f3cios Estrangeiros, Sun Weidong.<\/p>\n<p>Mas, em comunicado, o\u00a0porta-voz do Minist\u00e9rio da Defesa chin\u00eas, Jiang Bin, classificou as declara\u00e7\u00f5es de Takaichi como \u201cirrespons\u00e1veis e perigosas\u201d e afirmou que qualquer interven\u00e7\u00e3o japonesa resultaria em graves consequ\u00eancias.<\/p>\n<p>&#8220;Se a parte japonesa n\u00e3o tirar li\u00e7\u00f5es da hist\u00f3ria e se atrever a correr riscos, ou mesmo a usar a for\u00e7a para interferir na quest\u00e3o de Taiwan, s\u00f3 poder\u00e1 sofrer uma derrota esmagadora contra o Ex\u00e9rcito de Liberta\u00e7\u00e3o Popular, que tem uma vontade de a\u00e7o, e pagar um pre\u00e7o muito elevado&#8221;, amea\u00e7ou Jiang.<\/p>\n<p>A ret\u00f3rica chinesa inclui cr\u00edticas \u00e0 postura hist\u00f3rica e militar do Jap\u00e3o, que acusam de tentar reabilitar o militarismo e reescrever a hist\u00f3ria da invas\u00e3o da China.<\/p>\n<p>A primeira-ministra nip\u00f3nica afirmou esta semana no parlamento que um eventual ataque a Taiwan poder\u00e1 colocar o Jap\u00e3o numa \u201csitua\u00e7\u00e3o de crise\u201d, legitimando a interven\u00e7\u00e3o das For\u00e7as de Autodefesa com base no princ\u00edpio da autodefesa coletiva.<\/p>\n<p>Taiwan \u00e9 uma ilha com governo pr\u00f3prio desde 1949, que a China considera uma \u201cprov\u00edncia rebelde\u201d e parte inalien\u00e1vel do seu territ\u00f3rio, tendo amea\u00e7ado v\u00e1rias vezes recorrer \u00e0 for\u00e7a para alcan\u00e7ar a reunifica\u00e7\u00e3o.<\/p>\n<p>Apesar de ter reconhecido a Rep\u00fablica Popular da China como o \u00fanico governo leg\u00edtimo em 1972, o Jap\u00e3o mant\u00e9m rela\u00e7\u00f5es n\u00e3o oficiais com Taip\u00e9, e o antigo primeiro-ministro Shinzo Abe (1954-2022) defendeu publicamente que qualquer invas\u00e3o da ilha justificaria uma resposta militar japonesa, no quadro do acordo de seguran\u00e7a com os Estados Unidos.<\/p>\n","protected":false},"excerpt":{"rendered":"Ret\u00f3rica chinesa inclui cr\u00edticas \u00e0 postura hist\u00f3rica e militar do Jap\u00e3o, que acusam de tentar reabilitar o militarismo&hellip;\n","protected":false},"author":2,"featured_media":151812,"comment_status":"","ping_status":"","sticky":false,"template":"","format":"standard","meta":{"footnotes":""},"categories":[50],"tags":[609,836,611,27,28,32897,24872,607,608,333,832,604,135,610,476,15,16,301,830,14,461,603,25,26,570,21,22,831,833,62,834,12,13,19,20,835,602,52,32,23,24,27910,2365,17,18,29,30,31,63,64,65],"class_list":{"0":"post-151811","1":"post","2":"type-post","3":"status-publish","4":"format-standard","5":"has-post-thumbnail","7":"category-mundo","8":"tag-alerta","9":"tag-analise","10":"tag-ao-minuto","11":"tag-breaking-news","12":"tag-breakingnews","13":"tag-china-japao","14":"tag-china-taiwan","15":"tag-cnn","16":"tag-cnn-portugal","17":"tag-comentadores","18":"tag-costa","19":"tag-crime","20":"tag-desporto","21":"tag-direto","22":"tag-economia","23":"tag-featured-news","24":"tag-featurednews","25":"tag-governo","26":"tag-guerra","27":"tag-headlines","28":"tag-japao","29":"tag-justica","30":"tag-latest-news","31":"tag-latestnews","32":"tag-live","33":"tag-main-news","34":"tag-mainnews","35":"tag-mais-vistas","36":"tag-marcelo","37":"tag-mundo","38":"tag-negocios","39":"tag-news","40":"tag-noticias","41":"tag-noticias-principais","42":"tag-noticiasprincipais","43":"tag-opiniao","44":"tag-pais","45":"tag-politica","46":"tag-portugal","47":"tag-principais-noticias","48":"tag-principaisnoticias","49":"tag-sanae-takaichi","50":"tag-taiwan","51":"tag-top-stories","52":"tag-topstories","53":"tag-ultimas","54":"tag-ultimas-noticias","55":"tag-ultimasnoticias","56":"tag-world","57":"tag-world-news","58":"tag-worldnews"},"share_on_mastodon":{"url":"","error":"Validation failed: Text character limit of 500 exceeded"},"_links":{"self":[{"href":"https:\/\/www.europesays.com\/pt\/wp-json\/wp\/v2\/posts\/151811","targetHints":{"allow":["GET"]}}],"collection":[{"href":"https:\/\/www.europesays.com\/pt\/wp-json\/wp\/v2\/posts"}],"about":[{"href":"https:\/\/www.europesays.com\/pt\/wp-json\/wp\/v2\/types\/post"}],"author":[{"embeddable":true,"href":"https:\/\/www.europesays.com\/pt\/wp-json\/wp\/v2\/users\/2"}],"replies":[{"embeddable":true,"href":"https:\/\/www.europesays.com\/pt\/wp-json\/wp\/v2\/comments?post=151811"}],"version-history":[{"count":0,"href":"https:\/\/www.europesays.com\/pt\/wp-json\/wp\/v2\/posts\/151811\/revisions"}],"wp:featuredmedia":[{"embeddable":true,"href":"https:\/\/www.europesays.com\/pt\/wp-json\/wp\/v2\/media\/151812"}],"wp:attachment":[{"href":"https:\/\/www.europesays.com\/pt\/wp-json\/wp\/v2\/media?parent=151811"}],"wp:term":[{"taxonomy":"category","embeddable":true,"href":"https:\/\/www.europesays.com\/pt\/wp-json\/wp\/v2\/categories?post=151811"},{"taxonomy":"post_tag","embeddable":true,"href":"https:\/\/www.europesays.com\/pt\/wp-json\/wp\/v2\/tags?post=151811"}],"curies":[{"name":"wp","href":"https:\/\/api.w.org\/{rel}","templated":true}]}}