{"id":151813,"date":"2025-11-14T15:15:23","date_gmt":"2025-11-14T15:15:23","guid":{"rendered":"https:\/\/www.europesays.com\/pt\/151813\/"},"modified":"2025-11-14T15:15:23","modified_gmt":"2025-11-14T15:15:23","slug":"encontrado-homem-que-ligou-a-pedir-ajuda-depois-de-carro-ter-sido-abalroado-por-aluimento-de-terras","status":"publish","type":"post","link":"https:\/\/www.europesays.com\/pt\/151813\/","title":{"rendered":"Encontrado homem que ligou a pedir ajuda depois de carro ter sido abalroado por aluimento de terras"},"content":{"rendered":"<p>O idoso que ligou para as autoridades a pedir ajuda, depois de o carro em que seguia ter sido abalroado por um aluimento de terras, algures no Fund\u00e3o, j\u00e1 foi encontrado e est\u00e1 bem de sa\u00fade, segundo confirmou ao DN fonte do comando territorial da GNR de Castelo Branco ao DN.<\/p>\n<p>As autoridades estavam \u00e0 procura deste homem que telefonou para o 112, ainda na noite de quinta-feira, 13 de novembro, entre as 22h00 e as 23h00 a pedir ajuda, sem conseguir precisar em que local se encontrava, mas que seria na zona de Escarigo, no Fund\u00e3o, segundo informou fonte oficial da GNR.<\/p>\n<p>Ter\u00e1 dito as autoridades que seguia de carro num caminho junto a uma linha de \u00e1gua quando se deu o incidente.<\/p>\n<p>Foi encontrado na manh\u00e3 desta sexta-feira, pelas 10h15, &#8220;em boas condi\u00e7\u00f5es de sa\u00fade&#8221;. <\/p>\n<p>Ter\u00e1 conseguido sair do local e caminhado cerca de dois quilometros at\u00e9 chegar a um caf\u00e9 para pedir ajuda, onde se fez o alerta para as autoridades de que o homem gavia sido localizado. <\/p>\n<p>Portugal continua esta sexta-feira sob a influ\u00eancia da deprsess\u00e3o Claudia. Segundo o comando da Autoridade Nacional de Emerg\u00eancia e Prote\u00e7\u00e3o Civil (ANEPC), registaram-se entre as 00:00 de quinta-feira e as 07:00 de hoje 2.212 ocorr\u00eancias, essencialmente quedas de \u00e1rvores, inunda\u00e7\u00f5es e limpeza de vias, sendo 59% inunda\u00e7\u00f5es.<\/p>\n<p>A mesma fonte informou que foram empregados 7.018 operacionais e 2.622 meios terrestres, com maior incid\u00eancia nas \u00e1reas metropolitanas de Lisboa e Set\u00fabal, na regi\u00e3o do Algarve e no distrito de Leiria, mas tamb\u00e9m em Coimbra e Santar\u00e9m, nestes em menor escala.<\/p>\n<p>Os distritos Set\u00fabal e Faro seguem esta sexta-feira sob aviso laranja de chuva, o segundo mais grave, ap\u00f3s uma noite mais calma do que a anterior,<\/p>\n","protected":false},"excerpt":{"rendered":"O idoso que ligou para as autoridades a pedir ajuda, depois de o carro em que seguia ter&hellip;\n","protected":false},"author":2,"featured_media":151814,"comment_status":"","ping_status":"","sticky":false,"template":"","format":"standard","meta":{"footnotes":""},"categories":[10],"tags":[27,28,2139,15,16,14,25,26,21,22,8532,12,13,19,20,32,23,24,33,17,18,29,30,31],"class_list":{"0":"post-151813","1":"post","2":"type-post","3":"status-publish","4":"format-standard","5":"has-post-thumbnail","7":"category-portugal","8":"tag-breaking-news","9":"tag-breakingnews","10":"tag-chuva","11":"tag-featured-news","12":"tag-featurednews","13":"tag-headlines","14":"tag-latest-news","15":"tag-latestnews","16":"tag-main-news","17":"tag-mainnews","18":"tag-mau-tempo","19":"tag-news","20":"tag-noticias","21":"tag-noticias-principais","22":"tag-noticiasprincipais","23":"tag-portugal","24":"tag-principais-noticias","25":"tag-principaisnoticias","26":"tag-pt","27":"tag-top-stories","28":"tag-topstories","29":"tag-ultimas","30":"tag-ultimas-noticias","31":"tag-ultimasnoticias"},"share_on_mastodon":{"url":"https:\/\/pubeurope.com\/@pt\/115548712254821946","error":""},"_links":{"self":[{"href":"https:\/\/www.europesays.com\/pt\/wp-json\/wp\/v2\/posts\/151813","targetHints":{"allow":["GET"]}}],"collection":[{"href":"https:\/\/www.europesays.com\/pt\/wp-json\/wp\/v2\/posts"}],"about":[{"href":"https:\/\/www.europesays.com\/pt\/wp-json\/wp\/v2\/types\/post"}],"author":[{"embeddable":true,"href":"https:\/\/www.europesays.com\/pt\/wp-json\/wp\/v2\/users\/2"}],"replies":[{"embeddable":true,"href":"https:\/\/www.europesays.com\/pt\/wp-json\/wp\/v2\/comments?post=151813"}],"version-history":[{"count":0,"href":"https:\/\/www.europesays.com\/pt\/wp-json\/wp\/v2\/posts\/151813\/revisions"}],"wp:featuredmedia":[{"embeddable":true,"href":"https:\/\/www.europesays.com\/pt\/wp-json\/wp\/v2\/media\/151814"}],"wp:attachment":[{"href":"https:\/\/www.europesays.com\/pt\/wp-json\/wp\/v2\/media?parent=151813"}],"wp:term":[{"taxonomy":"category","embeddable":true,"href":"https:\/\/www.europesays.com\/pt\/wp-json\/wp\/v2\/categories?post=151813"},{"taxonomy":"post_tag","embeddable":true,"href":"https:\/\/www.europesays.com\/pt\/wp-json\/wp\/v2\/tags?post=151813"}],"curies":[{"name":"wp","href":"https:\/\/api.w.org\/{rel}","templated":true}]}}