{"id":151819,"date":"2025-11-14T15:19:18","date_gmt":"2025-11-14T15:19:18","guid":{"rendered":"https:\/\/www.europesays.com\/pt\/151819\/"},"modified":"2025-11-14T15:19:18","modified_gmt":"2025-11-14T15:19:18","slug":"maior-estatua-de-nossa-senhora-de-fatima-do-mundo-assinada-por-petrolinense-ranilson-viana-e-inaugurada-hoje-no-ceara","status":"publish","type":"post","link":"https:\/\/www.europesays.com\/pt\/151819\/","title":{"rendered":"Maior est\u00e1tua de Nossa Senhora de F\u00e1tima do mundo, assinada por petrolinense Ranilson Viana \u00e9 inaugurada hoje no Cear\u00e1"},"content":{"rendered":"<p>&#13;<br \/>\n        &#13;<br \/>\n&#13;<br \/>\n        &#13;<\/p>\n<p>            <a href=\"https:\/\/edenevaldoalves.com.br\/wp-content\/uploads\/2025\/11\/IMG_3387.jpeg\" data-caption=\"\" rel=\"nofollow noopener\" target=\"_blank\"><img loading=\"lazy\" decoding=\"async\" width=\"696\" height=\"402\" class=\"entry-thumb td-modal-image\" src=\"https:\/\/www.europesays.com\/pt\/wp-content\/uploads\/2025\/11\/IMG_3387-696x402.jpeg\"   alt=\"\" title=\"IMG_3387\"\/><\/a><\/p>\n<p style=\"text-align: justify;\">O talento sertanejo de Ranilson Viana, artista pl\u00e1stico natural de Petrolina (PE), ganha destaque internacional com a constru\u00e7\u00e3o da maior est\u00e1tua de Nossa Senhora de F\u00e1tima do mundo, que ser\u00e1 inaugurada nesta quinta-feira (13), no munic\u00edpio do Crato, Cear\u00e1. Com 54 metros de altura, a escultura monumental supera em tamanho o ic\u00f4nico Cristo Redentor, do Rio de Janeiro, que mede 38 metros, tornando-se uma das maiores express\u00f5es art\u00edsticas e religiosas j\u00e1 constru\u00eddas no pa\u00eds. A obra \u00e9 resultado de meses de dedica\u00e7\u00e3o, f\u00e9 e precis\u00e3o t\u00e9cnica.<\/p>\n<p style=\"text-align: justify;\">Todo o processo desde o plano at\u00e9 a constru\u00e7\u00e3o da est\u00e1tua durou um ano e quatro meses. \u201cMeu cora\u00e7\u00e3o ficou a\u00ed, pulsando mais forte durante este tempo. A responsabilidade era muito grande porque a popula\u00e7\u00e3o j\u00e1 tinha uma obra aqui que n\u00e3o representava a beleza de Nossa Senhora. Tivemos v\u00e1rios obst\u00e1culos no caminho do processo como chuva na regi\u00e3o, por se tratar de uma escultura muito grande e alta tinha tamb\u00e9m interfer\u00eancia do vento, mas gra\u00e7as a Deus com um ano e quatro meses finalizamos\u201d, contou.<\/p>\n<p style=\"text-align: justify;\">A inaugura\u00e7\u00e3o promete reunir fi\u00e9is e visitantes de todo o Brasil e do mundo, consolidando o Crato como destino de turismo religioso e marcando para sempre o nome de Ranilson Viana na hist\u00f3ria da arte sacra mundial. \u201cNossa miss\u00e3o \u00e9 conectar nossa obra de arte com nosso Criador\u201d, celebrou o artista.<\/p>\n<p>        &#13;<br \/>\n&#13;<br \/>\n        &#13;<br \/>\n                        &#13;<br \/>\n            &#13;<br \/>\n&#13;<br \/>\n                                                        &#13;<br \/>\n&#13;<\/p>\n","protected":false},"excerpt":{"rendered":"&#13; &#13; &#13; &#13; O talento sertanejo de Ranilson Viana, artista pl\u00e1stico natural de Petrolina (PE), ganha destaque&hellip;\n","protected":false},"author":2,"featured_media":151820,"comment_status":"","ping_status":"","sticky":false,"template":"","format":"standard","meta":{"footnotes":""},"categories":[144],"tags":[207,205,206,203,201,202,204,114,115,32,33],"class_list":{"0":"post-151819","1":"post","2":"type-post","3":"status-publish","4":"format-standard","5":"has-post-thumbnail","7":"category-arte-e-design","8":"tag-arte","9":"tag-arte-e-design","10":"tag-artedesign","11":"tag-arts","12":"tag-arts-and-design","13":"tag-artsanddesign","14":"tag-design","15":"tag-entertainment","16":"tag-entretenimento","17":"tag-portugal","18":"tag-pt"},"share_on_mastodon":{"url":"https:\/\/pubeurope.com\/@pt\/115548727904220391","error":""},"_links":{"self":[{"href":"https:\/\/www.europesays.com\/pt\/wp-json\/wp\/v2\/posts\/151819","targetHints":{"allow":["GET"]}}],"collection":[{"href":"https:\/\/www.europesays.com\/pt\/wp-json\/wp\/v2\/posts"}],"about":[{"href":"https:\/\/www.europesays.com\/pt\/wp-json\/wp\/v2\/types\/post"}],"author":[{"embeddable":true,"href":"https:\/\/www.europesays.com\/pt\/wp-json\/wp\/v2\/users\/2"}],"replies":[{"embeddable":true,"href":"https:\/\/www.europesays.com\/pt\/wp-json\/wp\/v2\/comments?post=151819"}],"version-history":[{"count":0,"href":"https:\/\/www.europesays.com\/pt\/wp-json\/wp\/v2\/posts\/151819\/revisions"}],"wp:featuredmedia":[{"embeddable":true,"href":"https:\/\/www.europesays.com\/pt\/wp-json\/wp\/v2\/media\/151820"}],"wp:attachment":[{"href":"https:\/\/www.europesays.com\/pt\/wp-json\/wp\/v2\/media?parent=151819"}],"wp:term":[{"taxonomy":"category","embeddable":true,"href":"https:\/\/www.europesays.com\/pt\/wp-json\/wp\/v2\/categories?post=151819"},{"taxonomy":"post_tag","embeddable":true,"href":"https:\/\/www.europesays.com\/pt\/wp-json\/wp\/v2\/tags?post=151819"}],"curies":[{"name":"wp","href":"https:\/\/api.w.org\/{rel}","templated":true}]}}