{"id":151823,"date":"2025-11-14T15:22:07","date_gmt":"2025-11-14T15:22:07","guid":{"rendered":"https:\/\/www.europesays.com\/pt\/151823\/"},"modified":"2025-11-14T15:22:07","modified_gmt":"2025-11-14T15:22:07","slug":"ha-7-novos-nomes-no-cartaz-do-nos-alive-nit","status":"publish","type":"post","link":"https:\/\/www.europesays.com\/pt\/151823\/","title":{"rendered":"h\u00e1 7 novos nomes no cartaz do NOS Alive \u2014 NiT"},"content":{"rendered":"<p>Esta sexta-feira, 14 de novembro, foi o dia com mais novidades no NOS Alive desde o in\u00edcio da divulga\u00e7\u00e3o do cartaz da pr\u00f3xima edi\u00e7\u00e3o, marcada para os dias 9, 10 e 11 de julho. A organiza\u00e7\u00e3o revelou, atrav\u00e9s das redes sociais, sete novos nomes para o alinhamento.<\/p>\n<p>O grande destaque vai para os Palaye Royale, que sobem ao Palco Heineken no segundo dia do festival. O trio de Los Angeles apresenta um estilo que cruza o rock &amp; roll cl\u00e1ssico, o punk teatral e o glam moderno. Os irm\u00e3os Remington Leith (voz), Sebastian Danzig (guitarra) e Emerson Barrett (bateria) trazem o novo \u00e1lbum \u201cDeath or Glory\u201d, lan\u00e7ado em agosto de 2024.<\/p>\n<p>\u201cAp\u00f3s conquistarem palcos em todo o mundo com a digress\u00e3o Fever Dream, os Palaye Royale regressam \u00e0s origens com um disco que celebra a liberdade criativa, a emo\u00e7\u00e3o pura e o poder da uni\u00e3o entre banda e os f\u00e3s \u2014 os fi\u00e9is Soldiers of the Royal Council\u201d, acrescenta a organiza\u00e7\u00e3o.<\/p>\n<p>Segundo Remington Leith, este \u00e9 \u201co disco mais confiante e divertido at\u00e9 hoje\u201d. \u201cFoi feito sem press\u00f5es, apenas pelo prazer de criar m\u00fasica juntos e de partilhar essa energia com quem nos ouve.\u201d<\/p>\n<p>A nova sonoridade continua a ir buscar refer\u00eancias a nomes como The Libertines, The Rolling Stones e My Chemical Romance. O projeto inclui temas como \u201cJust My Type\u201d, \u201cAche In My Heart\u201d, \u201cDark Side Of The Silver Spoon\u201d e \u201cShowbiz\u201d. Ao vivo, devem ainda revisitar os maiores \u00eaxitos da carreira, como \u201cLonely\u201d, \u201cNo Love in LA\u201d e \u201cMr Doctor Man\u201d, que somam dezenas de milh\u00f5es de streams nas plataformas.<\/p>\n<p>Tamb\u00e9m foram anunciados os artistas que integram o palco WTF Clubbing, no dia 10 de julho. O alinhamento inclui SBTRKT, Digitalism, Fiona Kraft, Chris Luno, La Fleur e Stresshead, \u201cum conjunto de artistas que reflete o equil\u00edbrio perfeito entre o talento emergente e os nomes mais influentes da cena eletr\u00f3nica internacional\u201d, nota a organiza\u00e7\u00e3o.<\/p>\n<p>A 18.\u00aa edi\u00e7\u00e3o do NOS Alive decorre nos dias 9, 10 e 11 de julho de 2026. J\u00e1 est\u00e3o confirmados nomes como Foo Fighters, Twenty One Pilots, Nick Cave &amp; The Bad Seeds, Florence + The Machine, Lorde, Buraka Som Sistema, Pixies, Teddy Swims e Wolf Alice.<\/p>\n<p>Os bilhetes j\u00e1 est\u00e3o \u00e0 venda, sendo que os di\u00e1rios\u00a0<a href=\"https:\/\/nosalive.com\/bilheteira\/\" target=\"_blank\" rel=\"nofollow noopener\">custam<\/a>\u00a084\u20ac e os passes de dois e tr\u00eas dias custam, respetivamente, 168\u20ac e 199\u20ac.<\/p>\n<p>Carregue na galeria para conhecer outros concertos que vai poder ver em Portugal ao longo deste ano.<\/p>\n","protected":false},"excerpt":{"rendered":"Esta sexta-feira, 14 de novembro, foi o dia com mais novidades no NOS Alive desde o in\u00edcio da&hellip;\n","protected":false},"author":2,"featured_media":151824,"comment_status":"","ping_status":"","sticky":false,"template":"","format":"standard","meta":{"footnotes":""},"categories":[141],"tags":[114,115,149,150,32,33],"class_list":{"0":"post-151823","1":"post","2":"type-post","3":"status-publish","4":"format-standard","5":"has-post-thumbnail","7":"category-musica","8":"tag-entertainment","9":"tag-entretenimento","10":"tag-music","11":"tag-musica","12":"tag-portugal","13":"tag-pt"},"share_on_mastodon":{"url":"https:\/\/pubeurope.com\/@pt\/115548739542623011","error":""},"_links":{"self":[{"href":"https:\/\/www.europesays.com\/pt\/wp-json\/wp\/v2\/posts\/151823","targetHints":{"allow":["GET"]}}],"collection":[{"href":"https:\/\/www.europesays.com\/pt\/wp-json\/wp\/v2\/posts"}],"about":[{"href":"https:\/\/www.europesays.com\/pt\/wp-json\/wp\/v2\/types\/post"}],"author":[{"embeddable":true,"href":"https:\/\/www.europesays.com\/pt\/wp-json\/wp\/v2\/users\/2"}],"replies":[{"embeddable":true,"href":"https:\/\/www.europesays.com\/pt\/wp-json\/wp\/v2\/comments?post=151823"}],"version-history":[{"count":0,"href":"https:\/\/www.europesays.com\/pt\/wp-json\/wp\/v2\/posts\/151823\/revisions"}],"wp:featuredmedia":[{"embeddable":true,"href":"https:\/\/www.europesays.com\/pt\/wp-json\/wp\/v2\/media\/151824"}],"wp:attachment":[{"href":"https:\/\/www.europesays.com\/pt\/wp-json\/wp\/v2\/media?parent=151823"}],"wp:term":[{"taxonomy":"category","embeddable":true,"href":"https:\/\/www.europesays.com\/pt\/wp-json\/wp\/v2\/categories?post=151823"},{"taxonomy":"post_tag","embeddable":true,"href":"https:\/\/www.europesays.com\/pt\/wp-json\/wp\/v2\/tags?post=151823"}],"curies":[{"name":"wp","href":"https:\/\/api.w.org\/{rel}","templated":true}]}}