{"id":151829,"date":"2025-11-14T15:36:49","date_gmt":"2025-11-14T15:36:49","guid":{"rendered":"https:\/\/www.europesays.com\/pt\/151829\/"},"modified":"2025-11-14T15:36:49","modified_gmt":"2025-11-14T15:36:49","slug":"quantas-mulheres-tem-perguntou-trump-ao-presidente-sirio-observador","status":"publish","type":"post","link":"https:\/\/www.europesays.com\/pt\/151829\/","title":{"rendered":"&#8220;Quantas mulheres tem&#8221;, perguntou Trump ao Presidente s\u00edrio \u2013 Observador"},"content":{"rendered":"<p>O Presidente dos Estados Unidos, Donald Trump, e o seu hom\u00f3logo s\u00edrio, Ahmad al-Sharaa, protagonizaram um momento ins\u00f3lito esta segunda-feira na Casa Branca. O l\u00edder norte-americano borrifou o Presidente da S\u00edria com perfume e perguntou-lhe quantas mulheres tem.<\/p>\n<p>Ap\u00f3s uma reuni\u00e3o \u00e0 porta fechada, Trump ofereceu ao l\u00edder s\u00edrio um frasco do<strong> perfume que ele pr\u00f3prio usa<\/strong>, retirou a tampa dourada e borrifou a fragr\u00e2ncia diretamente em si e depois em Al-Sharaa. \u201cEsta \u00e9 uma fragr\u00e2ncia masculina. \u00c9 a melhor, certo?\u201d, atirou.<\/p>\n<p>De seguida, afirmou que havia um segundo frasco para a mulher do Presidente s\u00edrio, antes de perguntar, em tom de brincadeira: \u201cQuantas mulheres tem? Uma?\u201d. Al-Sharaa confirmou que tem apenas uma, ao que Trump respondeu com um sorriso: \u201c<strong>Com voc\u00eas, nunca se sabe<\/strong>\u201c.<\/p>\n<blockquote class=\"twitter-tweet\" data-width=\"500\" data-dnt=\"true\">\n<p lang=\"en\" dir=\"ltr\">During yesterday\u2019s meeting between President Trump and Syrian president  Al Sharaa, Trump gave Sharaa \u201cTrump Cologne\u201d and then jokingly asked, \u201cThe other one is for your wife. How many wives? One? With you guys, you never know!\u201d ???? <a href=\"https:\/\/t.co\/RoJGYvpcCh\" rel=\"nofollow\">pic.twitter.com\/RoJGYvpcCh<\/a><\/p>\n<p>\u2014 Breaking911 (@Breaking911) <a href=\"https:\/\/twitter.com\/Breaking911\/status\/1988628225350660577?ref_src=twsrc%5Etfw\" rel=\"nofollow noopener\" target=\"_blank\">November 12, 2025<\/a><\/p>\n<\/blockquote>\n<p>O coment\u00e1rio, que faz refer\u00eancia \u00e0 possibilidade de <strong>poligamia<\/strong> permitida em alguns contextos do Isl\u00e3o, marcou um contraste com o passado de Al-Sharaa, que at\u00e9 h\u00e1 poucos dias <a href=\"https:\/\/observador.pt\/2025\/11\/07\/eua-retiram-sancoes-contra-presidente-sirio-antes-da-visita-a-washington\/\" rel=\"nofollow noopener\" target=\"_blank\">era classificado pelos Estados Unidos como um \u201cterrorista global especialmente designado<\/a>\u201d e que, d\u00e9cadas antes, esteve detido na pris\u00e3o militar de Abu Ghraib, no Iraque.<\/p>\n<blockquote class=\"wp-embedded-content\" data-secret=\"v9UnpF87aV\">\n<p><a href=\"https:\/\/observador.pt\/2025\/11\/07\/eua-retiram-sancoes-contra-presidente-sirio-antes-da-visita-a-washington\/\" rel=\"nofollow noopener\" target=\"_blank\">EUA retiram san\u00e7\u00f5es contra Presidente s\u00edrio antes da visita a Washington<\/a><\/p>\n<\/blockquote>\n<p>Trump recebeu Al-Sharaa esta segunda-feira, numa <strong>visita hist\u00f3rica<\/strong>, sendo o primeiro Presidente s\u00edrio a pisar a Sala Oval desde que o pa\u00eds se tornou independente de Fran\u00e7a, em <strong>1946<\/strong>. Ainda que n\u00e3o tenha concedido detalhes sobre o encontro, o chefe de Estado norte-americano confessou \u201c<strong>gostar<\/strong>\u201d do Presidente interino s\u00edrio e afirmou que os Estados Unidos far\u00e3o \u201ctudo para que a S\u00edria tenha sucesso, porque faz parte do M\u00e9dio Oriente\u201d.<\/p>\n<p>\u201cFoi uma honra passar algum tempo com Ahmed Hussein al-Sharaa, o novo Presidente da S\u00edria, com quem discutimos todas as complexidades da PAZ no M\u00e9dio Oriente, da qual ele \u00e9 um grande defensor. Estou ansioso por voltar a encontr\u00e1-lo e conversar novamente. Todos falam do Grande Milagre que est\u00e1 a acontecer no M\u00e9dio Oriente. <strong>Ter uma S\u00edria est\u00e1vel e bem sucedida \u00e9 muito importante para todos os pa\u00edses da regi\u00e3o<\/strong>\u201c, escreveu Trump na <a href=\"https:\/\/truthsocial.com\/@realDonaldTrump\/posts\/115528250588455261\" rel=\"nofollow noopener\" target=\"_blank\">Truth Social<\/a>.<\/p>\n<p>Por seu turno, o Minist\u00e9rio dos Neg\u00f3cios Estrangeiros da S\u00edria, liderado por Asaad al-Shaibani, qualificou a reuni\u00e3o como \u201c<strong>cordial e construtiva<\/strong>\u201c. Donald Trump \u201cexpressou a sua admira\u00e7\u00e3o pela nova lideran\u00e7a e pelo povo s\u00edrio, elogiando os esfor\u00e7os da S\u00edria e as conquistas na liberta\u00e7\u00e3o e restaura\u00e7\u00e3o da estabilidade no pa\u00eds\u201d, disse, ainda, a diplomacia s\u00edria, citada pela <a href=\"https:\/\/www.aljazeera.com\/news\/liveblog\/2025\/11\/10\/live-syrias-ahmed-al-sharaa-to-meet-donald-trump-at-the-white-house\" rel=\"nofollow noopener\" target=\"_blank\">Al Jazeera<\/a>.<\/p>\n<p>            <script async src=\"https:\/\/platform.twitter.com\/widgets.js\" charset=\"utf-8\"><\/script><\/p>\n","protected":false},"excerpt":{"rendered":"O Presidente dos Estados Unidos, Donald Trump, e o seu hom\u00f3logo s\u00edrio, Ahmad al-Sharaa, protagonizaram um momento ins\u00f3lito&hellip;\n","protected":false},"author":2,"featured_media":151830,"comment_status":"","ping_status":"","sticky":false,"template":"","format":"standard","meta":{"footnotes":""},"categories":[8],"tags":[624,27,28,5914,92,623,15,16,14,25,26,21,22,310,62,12,13,19,20,32,23,24,33,32898,17,18,29,30,31],"class_list":{"0":"post-151829","1":"post","2":"type-post","3":"status-publish","4":"format-standard","5":"has-post-thumbnail","7":"category-principais-noticias","8":"tag-amu00e9rica","9":"tag-breaking-news","10":"tag-breakingnews","11":"tag-casa-branca","12":"tag-donald-trump","13":"tag-estados-unidos-da-amu00e9rica","14":"tag-featured-news","15":"tag-featurednews","16":"tag-headlines","17":"tag-latest-news","18":"tag-latestnews","19":"tag-main-news","20":"tag-mainnews","21":"tag-mu00e9dio-oriente","22":"tag-mundo","23":"tag-news","24":"tag-noticias","25":"tag-noticias-principais","26":"tag-noticiasprincipais","27":"tag-portugal","28":"tag-principais-noticias","29":"tag-principaisnoticias","30":"tag-pt","31":"tag-su00edria","32":"tag-top-stories","33":"tag-topstories","34":"tag-ultimas","35":"tag-ultimas-noticias","36":"tag-ultimasnoticias"},"share_on_mastodon":{"url":"https:\/\/pubeurope.com\/@pt\/115548798480365305","error":""},"_links":{"self":[{"href":"https:\/\/www.europesays.com\/pt\/wp-json\/wp\/v2\/posts\/151829","targetHints":{"allow":["GET"]}}],"collection":[{"href":"https:\/\/www.europesays.com\/pt\/wp-json\/wp\/v2\/posts"}],"about":[{"href":"https:\/\/www.europesays.com\/pt\/wp-json\/wp\/v2\/types\/post"}],"author":[{"embeddable":true,"href":"https:\/\/www.europesays.com\/pt\/wp-json\/wp\/v2\/users\/2"}],"replies":[{"embeddable":true,"href":"https:\/\/www.europesays.com\/pt\/wp-json\/wp\/v2\/comments?post=151829"}],"version-history":[{"count":0,"href":"https:\/\/www.europesays.com\/pt\/wp-json\/wp\/v2\/posts\/151829\/revisions"}],"wp:featuredmedia":[{"embeddable":true,"href":"https:\/\/www.europesays.com\/pt\/wp-json\/wp\/v2\/media\/151830"}],"wp:attachment":[{"href":"https:\/\/www.europesays.com\/pt\/wp-json\/wp\/v2\/media?parent=151829"}],"wp:term":[{"taxonomy":"category","embeddable":true,"href":"https:\/\/www.europesays.com\/pt\/wp-json\/wp\/v2\/categories?post=151829"},{"taxonomy":"post_tag","embeddable":true,"href":"https:\/\/www.europesays.com\/pt\/wp-json\/wp\/v2\/tags?post=151829"}],"curies":[{"name":"wp","href":"https:\/\/api.w.org\/{rel}","templated":true}]}}