{"id":151831,"date":"2025-11-14T15:37:15","date_gmt":"2025-11-14T15:37:15","guid":{"rendered":"https:\/\/www.europesays.com\/pt\/151831\/"},"modified":"2025-11-14T15:37:15","modified_gmt":"2025-11-14T15:37:15","slug":"cleber-machado-diz-que-informalidade-nao-tem-volta-na-narracao-virou-quase-obrigacao","status":"publish","type":"post","link":"https:\/\/www.europesays.com\/pt\/151831\/","title":{"rendered":"Cleber Machado diz que informalidade n\u00e3o tem volta na narra\u00e7\u00e3o: &#8220;Virou quase obriga\u00e7\u00e3o&#8221;"},"content":{"rendered":"<p>Uma das principais vozes da locu\u00e7\u00e3o esportiva h\u00e1 d\u00e9cadas e atualmente na <a href=\"https:\/\/natelinha.uol.com.br\/televisao\/emissoras\/record\" rel=\"nofollow noopener\" target=\"_blank\">Record<\/a>, <a href=\"https:\/\/natelinha.uol.com.br\/famosos\/tudo-sobre\/cleber-machado\" rel=\"nofollow noopener\" target=\"_blank\">Cleber Machado<\/a> diz que a leveza aproxima se aproxima do telespectador, mas exige equil\u00edbrio. &#8220;A informalidade n\u00e3o tem volta, virou quase uma obriga\u00e7\u00e3o&#8221;, opinou ao Motorgrid Brasil Podcast, apresentado por Eduardo Schkair e realizado em parceria com a RedeTV!.<\/p>\n<p>continua depois da publicidade<\/p>\n<p>&#8220;\u00c0s vezes eu acho que a informalidade ultrapassa um pouco o limite para n\u00e3o naturalidade. Tem que ser natural. Se a cada pergunta que voc\u00ea fizer para mim hoje, eu resolver fazer uma piada, posso fazer duas legais e oito sem gra\u00e7a&#8221;, acrescentou.<\/p>\n<p>+\u00a0<a href=\"https:\/\/natelinha.uol.com.br\/televisao\/2025\/11\/14\/felipe-melo-nao-esperava-convite-da-globo-tinha-uma-visao-e-mudou-completamente-233915.php\" rel=\"nofollow noopener\" target=\"_blank\">Felipe Melo n\u00e3o esperava convite da Globo: &#8220;Tinha uma vis\u00e3o e mudou completamente&#8221;<\/a><\/p>\n<p>+\u00a0<a href=\"https:\/\/natelinha.uol.com.br\/famosos\/2025\/11\/14\/ex-de-adriano-imperador-e-campea-de-a-fazenda-joana-machado-completa-45-anos-e-exibe-corpao-233917.php\" rel=\"nofollow noopener\" target=\"_blank\">Ex de Adriano Imperador e campe\u00e3 de A Fazenda, Joana Machado completa 45 anos e exibe corp\u00e3o<\/a><\/p>\n<p>Para ele, a F\u00f3rmula 1 \u00e9 a mais dif\u00edcil de narrar. &#8220;Voc\u00ea vai pegando algumas &#8216;manhas&#8217;, por exemplo, me falaram, n\u00e3o lembro, eu acho que foi o Luiz Roberto ou o Burti, mas eu demorei para sacar que cada carro tem uma c\u00e2mera de uma cor.&#8221;<\/p>\n<p>continua depois da publicidade<\/p>\n<p>Cleber Machado relembra prim\u00f3rdios da F\u00f3rmula 1<\/p>\n<p>O narrador tamb\u00e9m frisou como a tecnologia revolucionou o trabalho das equipes de TV e mudou o ritmo do trabalho na modalidade. &#8220;Voc\u00ea tem um n\u00famero de informa\u00e7\u00e3o a mais que n\u00e3o tinha. Fico imaginando os caras que pegaram F\u00f3rmula 1, eu n\u00e3o peguei, sem computador. Eles faziam mapa manual, anotavam para saber em que volta estava, quem estava na frente. Hoje, acho que o r\u00e1dio, os gr\u00e1ficos, isso tudo abastece muito mais a equipe.&#8221;<\/p>\n<p>Ele ainda revelou o segredo de uma boa transmiss\u00e3o: est\u00e1 na troca entre os profissionais e na confian\u00e7a constru\u00edda dentro da cabine. &#8220;Acho que eu incluo os caras, eu deixo eles \u00e0 vontade e eu me arrisco a dizer que muitos comentaristas que trabalham comigo foram melhorando como comentaristas a partir do jeito que eu os movimento.&#8221;<\/p>\n<p>continua depois da publicidade<\/p>\n<p>Veja:<\/p>\n<p>                                <img decoding=\"async\" loading=\"lazy\" class=\"horizontal\" alt=\"Imagem da thumbnail do v\u00eddeo!\" src=\"https:\/\/www.europesays.com\/pt\/wp-content\/uploads\/2025\/11\/1763134635_815_hqdefault.jpg\" virou=\"\" quase=\"\" obriga=\"\"\/><\/p>\n","protected":false},"excerpt":{"rendered":"Uma das principais vozes da locu\u00e7\u00e3o esportiva h\u00e1 d\u00e9cadas e atualmente na Record, Cleber Machado diz que a&hellip;\n","protected":false},"author":2,"featured_media":151832,"comment_status":"","ping_status":"","sticky":false,"template":"","format":"standard","meta":{"footnotes":""},"categories":[145],"tags":[211,210,32899,114,115,32,33],"class_list":{"0":"post-151831","1":"post","2":"type-post","3":"status-publish","4":"format-standard","5":"has-post-thumbnail","7":"category-celebridades","8":"tag-celebridades","9":"tag-celebrities","10":"tag-cleber-machado","11":"tag-entertainment","12":"tag-entretenimento","13":"tag-portugal","14":"tag-pt"},"share_on_mastodon":{"url":"https:\/\/pubeurope.com\/@pt\/115548798738774979","error":""},"_links":{"self":[{"href":"https:\/\/www.europesays.com\/pt\/wp-json\/wp\/v2\/posts\/151831","targetHints":{"allow":["GET"]}}],"collection":[{"href":"https:\/\/www.europesays.com\/pt\/wp-json\/wp\/v2\/posts"}],"about":[{"href":"https:\/\/www.europesays.com\/pt\/wp-json\/wp\/v2\/types\/post"}],"author":[{"embeddable":true,"href":"https:\/\/www.europesays.com\/pt\/wp-json\/wp\/v2\/users\/2"}],"replies":[{"embeddable":true,"href":"https:\/\/www.europesays.com\/pt\/wp-json\/wp\/v2\/comments?post=151831"}],"version-history":[{"count":0,"href":"https:\/\/www.europesays.com\/pt\/wp-json\/wp\/v2\/posts\/151831\/revisions"}],"wp:featuredmedia":[{"embeddable":true,"href":"https:\/\/www.europesays.com\/pt\/wp-json\/wp\/v2\/media\/151832"}],"wp:attachment":[{"href":"https:\/\/www.europesays.com\/pt\/wp-json\/wp\/v2\/media?parent=151831"}],"wp:term":[{"taxonomy":"category","embeddable":true,"href":"https:\/\/www.europesays.com\/pt\/wp-json\/wp\/v2\/categories?post=151831"},{"taxonomy":"post_tag","embeddable":true,"href":"https:\/\/www.europesays.com\/pt\/wp-json\/wp\/v2\/tags?post=151831"}],"curies":[{"name":"wp","href":"https:\/\/api.w.org\/{rel}","templated":true}]}}