{"id":151835,"date":"2025-11-14T15:41:24","date_gmt":"2025-11-14T15:41:24","guid":{"rendered":"https:\/\/www.europesays.com\/pt\/151835\/"},"modified":"2025-11-14T15:41:24","modified_gmt":"2025-11-14T15:41:24","slug":"ana-castela-expoe-frustracao-com-ze-felipe-apos-o-grammy-latino","status":"publish","type":"post","link":"https:\/\/www.europesays.com\/pt\/151835\/","title":{"rendered":"Ana Castela exp\u00f5e &#8216;frustra\u00e7\u00e3o&#8217; com Z\u00e9 Felipe ap\u00f3s o Grammy Latino"},"content":{"rendered":"<p><b>Ana Castela<\/b> mandou uma indireta para <b>Z\u00e9 Felipe<\/b> pelas redes sociais e fez uma exig\u00eancia. A cantora est\u00e1 nos Estados Unidos (EUA), onde acompanhou o<br \/>\n    <a class=\"Link\" href=\"https:\/\/www.itatiaia.com.br\/entretenimento\/joao-gomes-sorriso-maroto-e-mais-veja-os-brasileiros-que-venceram-o-grammy-latino\" title=\"&lt;b&gt;Grammy Latino&lt;\/b&gt; \" rel=\"nofollow noopener\" target=\"_blank\"><b>Grammy Latino<\/b> <\/a>nessa quinta-feira (13) e compartilhou o momento nos stories.<\/p>\n<p>\u201cQueria mostrar pra voc\u00eas o tamanho da alian\u00e7a [&#8230;] N\u00e3o dobra o dedo\u201d, comentou Ana, que exibiu a alian\u00e7a de um casal de amigos e comparou com a que Z\u00e9 Felipe deu para ela. &#8220;\u00c9 pra mostrar que est\u00e1 casado mesmo\u201d, analisou.<\/p>\n<p>Logo depois, a cantora disparou: \u201cSe n\u00e3o for assim, eu nem quero. Olha o tamanhozinho da minha&#8230;. vergonha de mostrar\u201d.<\/p>\n<p>    <a class=\"AnchorLink\" title=\"leia-tambem\" name=\"leia-tambem\"\/><\/p>\n<p>\u201cIndireta a\u00ed viu, Z\u00e9 Felipe\u201d, avisou Leo Foguete. \u201cOlha aqui [&#8230;] A minha \u00e9 s\u00f3 o cristalzinho\u201d, brincou Ana.<\/p>\n<p>    <a class=\"AnchorLink\" title=\"gallery-eb0001\" name=\"gallery-eb0001\"\/><\/p>\n<p>Ana Castela compara alian\u00e7as <\/p>\n<p>Reprodu\u00e7\u00e3o | Redes sociais <\/p>\n<p>Ana Castela compara alian\u00e7as <\/p>\n<p>Reprodu\u00e7\u00e3o | Redes sociais <\/p>\n<p>Ana Castela compara alian\u00e7as <\/p>\n<p>Reprodu\u00e7\u00e3o | Redes sociais <\/p>\n<p>Ana Castela compara alian\u00e7as <\/p>\n<p>Reprodu\u00e7\u00e3o | Redes sociais <\/p>\n<p>    Z\u00e9 Felipe e Ana Castela<\/p>\n<p>Os rumores sobre o relacionamento de Z\u00e9 Felipe e Ana Castela come\u00e7aram em julho, cerca de dois meses ap\u00f3s o cantor e Virginia Fonseca anunciarem o<br \/>\n    <a class=\"Link\" href=\"https:\/\/www.itatiaia.com.br\/entretenimento\/2025\/05\/27\/virginia-e-ze-felipe-anunciam-fim-do-casamento-nao-julguem\" target=\"_blank\" title=\"&lt;b&gt;fim do casamento&lt;\/b&gt;\" rel=\"noopener nofollow\"><b>fim do casamento<\/b><\/a>.<\/p>\n<p>Os cantores<br \/>\n    <a class=\"Link\" href=\"https:\/\/www.itatiaia.com.br\/entretenimento\/ana-castela-e-ze-felipe-aparecem-juntos-e-revelam-verdade-sobre-romance\" target=\"_blank\" title=\"&lt;b&gt;estiveram na Disney juntos&lt;\/b&gt;\" rel=\"noopener nofollow\"><b>estiveram na Disney juntos<\/b><\/a>, gravaram uma<br \/>\n    <a class=\"Link\" href=\"https:\/\/www.itatiaia.com.br\/entretenimento\/ana-castela-revela-verdade-sobre-relacao-com-ze-felipe-so-quero-voce\" target=\"_blank\" title=\"&lt;b&gt;parceria musical&lt;\/b&gt; \" rel=\"noopener nofollow\"><b>parceria musical<\/b> <\/a>e<br \/>\n    <a class=\"Link\" href=\"https:\/\/www.itatiaia.com.br\/entretenimento\/de-maos-dadas-ze-felipe-e-ana-castela-vivem-momento-especial-apos-rumores-de-romance\" target=\"_blank\" title=\"&lt;b&gt;se apresentaram de m\u00e3os dadas&lt;\/b&gt; \" rel=\"noopener nofollow\"><b>se apresentaram de m\u00e3os dadas<\/b> <\/a>em um show. Apesar disso, \u00e0 \u00e9poca, Ana ironizou um poss\u00edvel relacionamento com o cantor. \u201cGente, vou assumir para voc\u00eas, eu vou, eu vou! \u00c9 o Odorico [amigo dela] que t\u00e1 ficando com o Z\u00e9&#8221;, avisou.<\/p>\n<p>Ana Castela estava solteira desde dezembro de 2024, quando seu<br \/>\n    <a class=\"Link\" href=\"https:\/\/www.itatiaia.com.br\/entretenimento\/2024\/12\/13\/pela-terceira-vez-ana-castela-e-gustavo-mioto-terminam-namoro\" target=\"_blank\" title=\"&lt;b&gt;namoro com o cantor Gustavo Mioto chegou ao fim&lt;\/b&gt;\" rel=\"noopener nofollow\"><b>namoro com o cantor Gustavo Mioto chegou ao fim<\/b><\/a>. Por conta da proximidade com Z\u00e9 Felipe, o artista decidiu<br \/>\n    <a class=\"Link\" href=\"https:\/\/www.itatiaia.com.br\/entretenimento\/gustavo-mioto-toma-atitude-apos-flagra-de-ze-felipe-com-ana-castela\" target=\"_blank\" title=\"&lt;b&gt;parar de seguir a ex&lt;\/b&gt; \" rel=\"noopener nofollow\"><b>parar de seguir a ex<\/b> <\/a>nas redes sociais.<\/p>\n<p>Mesmo com a negativa, a rela\u00e7\u00e3o de Ana e Z\u00e9 Felipe foi se tornando cada vez mais clara, at\u00e9 que, em outubro, a Boiadeira<br \/>\n    <a class=\"Link\" href=\"https:\/\/www.itatiaia.com.br\/entretenimento\/ana-castela-confirma-romance-com-ze-felipe-nao-estamos-escondendo-nada\" target=\"_blank\" title=\"&lt;b&gt;assumiu pela primeira vez&lt;\/b&gt; \" rel=\"noopener nofollow\"><b>assumiu pela primeira vez<\/b> <\/a>que eles estavam se conhecendo melhor.<\/p>\n<p>Atualmente namorados, o casal j\u00e1 fez<br \/>\n    <a class=\"Link\" href=\"https:\/\/www.itatiaia.com.br\/entretenimento\/ze-felipe-beija-ana-castela-na-frente-da-ex-no-sbt\" target=\"_blank\" title=\"&lt;b&gt;apari\u00e7\u00f5es juntos na televis\u00e3o&lt;\/b&gt;\" rel=\"noopener nofollow\"><b>apari\u00e7\u00f5es juntos na televis\u00e3o<\/b><\/a> e, com frequ\u00eancia, postam<br \/>\n    <a class=\"Link\" href=\"https:\/\/www.itatiaia.com.br\/entretenimento\/ze-felipe-e-ana-castela-conversam-por-videochamada-e-trocam-declaracoes\" target=\"_blank\" title=\"&lt;b&gt;declara\u00e7\u00f5es&lt;\/b&gt;\" rel=\"noopener nofollow\"><b>declara\u00e7\u00f5es<\/b><\/a> de amor nas redes sociais.<\/p>\n<p>Por outro lado,<br \/>\n    <a class=\"Link\" href=\"https:\/\/www.itatiaia.com.br\/entretenimento\/virginia-fonseca-esbanja-status-de-vini-jr-apos-oficializar-namoro\" target=\"_blank\" title=\"&lt;b&gt;Virginia est\u00e1 em um relacionamento com Vini Jr.&lt;\/b&gt;\" rel=\"noopener nofollow\"><b>Virginia est\u00e1 em um relacionamento com Vini Jr.<\/b><\/a>, que iniciou<br \/>\n    <a class=\"Link\" href=\"https:\/\/www.itatiaia.com.br\/entretenimento\/quem-e-day-magalhaes-modelo-que-acusou-vini-jr-de-enganar-virginia\" target=\"_blank\" title=\"&lt;b&gt;repleto de pol\u00eamicas e acusa\u00e7\u00f5es de \u201ctrai\u00e7\u00e3o\u201d&lt;\/b&gt;\" rel=\"noopener nofollow\"><b>repleto de pol\u00eamicas e acusa\u00e7\u00f5es de \u201ctrai\u00e7\u00e3o\u201d<\/b><\/a> antes mesmo de ser pedida em namoro.<\/p>\n","protected":false},"excerpt":{"rendered":"Ana Castela mandou uma indireta para Z\u00e9 Felipe pelas redes sociais e fez uma exig\u00eancia. A cantora est\u00e1&hellip;\n","protected":false},"author":2,"featured_media":151836,"comment_status":"","ping_status":"","sticky":false,"template":"","format":"standard","meta":{"footnotes":""},"categories":[141],"tags":[114,115,149,150,32,33],"class_list":{"0":"post-151835","1":"post","2":"type-post","3":"status-publish","4":"format-standard","5":"has-post-thumbnail","7":"category-musica","8":"tag-entertainment","9":"tag-entretenimento","10":"tag-music","11":"tag-musica","12":"tag-portugal","13":"tag-pt"},"share_on_mastodon":{"url":"https:\/\/pubeurope.com\/@pt\/115548814310632152","error":""},"_links":{"self":[{"href":"https:\/\/www.europesays.com\/pt\/wp-json\/wp\/v2\/posts\/151835","targetHints":{"allow":["GET"]}}],"collection":[{"href":"https:\/\/www.europesays.com\/pt\/wp-json\/wp\/v2\/posts"}],"about":[{"href":"https:\/\/www.europesays.com\/pt\/wp-json\/wp\/v2\/types\/post"}],"author":[{"embeddable":true,"href":"https:\/\/www.europesays.com\/pt\/wp-json\/wp\/v2\/users\/2"}],"replies":[{"embeddable":true,"href":"https:\/\/www.europesays.com\/pt\/wp-json\/wp\/v2\/comments?post=151835"}],"version-history":[{"count":0,"href":"https:\/\/www.europesays.com\/pt\/wp-json\/wp\/v2\/posts\/151835\/revisions"}],"wp:featuredmedia":[{"embeddable":true,"href":"https:\/\/www.europesays.com\/pt\/wp-json\/wp\/v2\/media\/151836"}],"wp:attachment":[{"href":"https:\/\/www.europesays.com\/pt\/wp-json\/wp\/v2\/media?parent=151835"}],"wp:term":[{"taxonomy":"category","embeddable":true,"href":"https:\/\/www.europesays.com\/pt\/wp-json\/wp\/v2\/categories?post=151835"},{"taxonomy":"post_tag","embeddable":true,"href":"https:\/\/www.europesays.com\/pt\/wp-json\/wp\/v2\/tags?post=151835"}],"curies":[{"name":"wp","href":"https:\/\/api.w.org\/{rel}","templated":true}]}}