{"id":151839,"date":"2025-11-14T15:48:20","date_gmt":"2025-11-14T15:48:20","guid":{"rendered":"https:\/\/www.europesays.com\/pt\/151839\/"},"modified":"2025-11-14T15:48:20","modified_gmt":"2025-11-14T15:48:20","slug":"ataque-perverso-russia-despeja-centenas-de-drones-e-misseis-sobre-kiev","status":"publish","type":"post","link":"https:\/\/www.europesays.com\/pt\/151839\/","title":{"rendered":"&#8220;Ataque perverso&#8221;. R\u00fassia despeja centenas de drones e m\u00edsseis sobre Kiev"},"content":{"rendered":"<p>&#13;<br \/>\n<b>Kiev e as regi\u00f5es vizinhas n\u00e3o escaparam a um ataque russo em grande escala, na madrugada desta sexta-feira, onde se ouviram v\u00e1rias explos\u00f5es e houve v\u00e1rios edif\u00edcios incendiados. <\/b>As defesas a\u00e9reas foram ativadas com alertas em todo o pa\u00eds e h\u00e1 j\u00e1 v\u00edtimas a confirmar.&#13;\n<\/p>\n<p><b>A For\u00e7a A\u00e9rea da Ucr\u00e2nia n\u00e3o tem d\u00favidas de que os m\u00edsseis e drones russos tinham como objetivo atingir Kiev e bairros dos arredores da capital.<\/b> As primeiras informa\u00e7\u00f5es dos servi\u00e7os de emerg\u00eancia ucranianos indicavam que o ataque causou danos em oito de dez \u00e1reas da regi\u00e3o.<br \/>\n          <img decoding=\"async\" itemprop=\"image\" class=\"img-fluid\"   src=\"https:\/\/www.europesays.com\/pt\/wp-content\/uploads\/2025\/11\/442718b6af41b24051cdc70af4c84e9d_N.jpg\"\/><\/p>\n<p><b>&#8220;Os russos est\u00e3o a atingir edif\u00edcios residenciais. H\u00e1 muitos edif\u00edcios altos danificados em Kiev, em quase todos os bairros&#8221;<\/b>, comunicou o chefe da administra\u00e7\u00e3o militar da cidade, Timour Tkatchenko, atrav\u00e9s das redes sociais.<\/p>\n<p><b>Esta manh\u00e3, o presidente ucraniano lamentou que quatro pessoas tenham sido mortas e outras dezenas tenham sido feridas, \u201cincluindo crian\u00e7as e uma mulher gr\u00e1vida\u201d, neste \u201cataque perverso\u201d.<\/b><\/p>\n<p>\u201cDesde ontem \u00e0 noite, os nossos servi\u00e7os de emerg\u00eancia est\u00e3o a trabalhar nos locais dos ataques russos\u201d, declarou Volodymyr Zelensky nas redes sociais, acrescentando que<b> \u201ccerca de 430 drones e 18 m\u00edsseis foram usados no ataque, incluindo m\u00edsseis bal\u00edsticos e acrobal\u00edsticos\u201d.<\/b><\/p>\n<p>\u201cEste foi um ataque deliberadamente calculado com o objetivo de causar o m\u00e1ximo de danos \u00e0s pessoas e \u00e0 infraestrutura civil. S\u00f3 em Kiev, dezenas de pr\u00e9dios de apartamentos foram danificados\u201d, disse ainda o l\u00edder ucraniano.<\/p>\n<blockquote class=\"instagram-media\" data-instgrm-permalink=\"https:\/\/www.instagram.com\/reel\/DRBxudoDFPF\/?utm_source=ig_embed&amp;utm_campaign=loading\" data-instgrm-version=\"14\" style=\"background: #ffffff; border: 0px none; border-radius: 3px; box-shadow: rgba(0, 0, 0, 0.5) 0px 0px 1px 0px, rgba(0, 0, 0, 0.15) 0px 1px 10px 0px; margin: 1px; max-width: 540px; min-width: 326px; padding: 0px; width: calc(100% - 2px)\"><p>&#13;<br \/>\n\t&#13;\n<\/p><\/blockquote>\n<p>De acordo com as autoridades, cerca 30 edif\u00edcios residenciais foram danificados nos ataques noturnos. <\/p>\n<p>O presidente da Ucr\u00e2nia adiantou que <b>o \u201cprincipal alvo do ataque foi Kiev, e os ataques tamb\u00e9m atingiram as regi\u00f5es de Kiev, Kharkiv e Odessa\u201d, mas que as for\u00e7as russas \u201cusaram um m\u00edssil Zircon na regi\u00e3o de Sumy esta manh\u00e3\u201d. <\/b><\/p>\n<p><b>\u201cA Ucr\u00e2nia est\u00e1 a responder a estes ataques com for\u00e7a de longo alcance, e o mundo tem de impedir estes ataques \u00e0 vida com san\u00e7\u00f5es<\/b>\u201d, acrescentou.<\/p>\n<p>Tamb\u00e9m o presidente da C\u00e2mara de Kiev, Vitali Klitschko, pediu aos moradores da capital que se abrigassem, alertando para &#8220;um ataque inimigo massivo \u00e0 capital&#8221;. Os inc\u00eandios come\u00e7aram em v\u00e1rios bairros ap\u00f3s os ataques, e os servi\u00e7os de emerg\u00eancia foram mobilizados.<br \/>&#13;<br \/>\n<b><br \/>&#13;<br \/>\n&#8220;Partes da rede de aquecimento foram danificadas. No distrito de Desniansky, devido a uma situa\u00e7\u00e3o de emerg\u00eancia na conduta principal de aquecimento, alguns edif\u00edcios est\u00e3o temporariamente sem aquecimento&#8221;<\/b>, disse ainda o autarca, alertando que s\u00e3o tamb\u00e9m esperados cortes no fornecimento de \u00e1gua e eletricidade.<\/p>\n<p>Nas \u00faltimas semanas, Moscovo intensificou os ataques contra as instala\u00e7\u00f5es civis e centrais de energia da Ucr\u00e2nia, bem como contra a rede ferrovi\u00e1ria.\u00a0R\u00fassia declara estado de emerg\u00eancia no porto de Novorossiysk<br \/>&#13;<br \/>\nAo mesmo tempo que lan\u00e7a vagas de ataques em territ\u00f3rio ucraniano, a R\u00fassia anunciou a destrui\u00e7\u00e3o, nas \u00faltimas horas, de um &#8220;grande n\u00famero&#8221; de drones ucranianos, alguns dos quais tinham como alvo o porto petrol\u00edfero russo de Novorossiysk, no Mar Negro, al\u00e9m das cidades de Volgogrado e Saratov.<\/p>\n<p><b>As autoridades do porto russo declararam, entretanto, o estado de emerg\u00eancia na cidade, ap\u00f3s um ataque ucraniano com drones.<\/b><\/p>\n<p>&#13;<br \/>\n<b>Pelo menos quatro pessoas ficaram feridas e v\u00e1rias instala\u00e7\u00f5es petrol\u00edferas ficaram danificadas, segundo o presidente da c\u00e2mara de Novorossiysk, Andriy Kravchenko, numa mensagem divulgada atrav\u00e9s das redes sociais. <\/b>O ataque ucraniano com drones ocorreu durante a madrugada.&#13;\n<\/p>\n<p>&#13;<br \/>\nc\/ ag\u00eancias&#13;\n<\/p>\n<p>            <script async src=\"\/\/www.instagram.com\/embed.js\"><\/script><\/p>\n","protected":false},"excerpt":{"rendered":"&#13; Kiev e as regi\u00f5es vizinhas n\u00e3o escaparam a um ataque russo em grande escala, na madrugada desta&hellip;\n","protected":false},"author":2,"featured_media":151840,"comment_status":"","ping_status":"","sticky":false,"template":"","format":"standard","meta":{"footnotes":""},"categories":[50],"tags":[79,27,28,837,15,16,830,14,4167,25,26,21,22,4405,62,12,13,19,20,23,24,839,17,18,840,29,30,31,63,64,65],"class_list":{"0":"post-151839","1":"post","2":"type-post","3":"status-publish","4":"format-standard","5":"has-post-thumbnail","7":"category-mundo","8":"tag-ataque","9":"tag-breaking-news","10":"tag-breakingnews","11":"tag-drones","12":"tag-featured-news","13":"tag-featurednews","14":"tag-guerra","15":"tag-headlines","16":"tag-kiev","17":"tag-latest-news","18":"tag-latestnews","19":"tag-main-news","20":"tag-mainnews","21":"tag-misseis","22":"tag-mundo","23":"tag-news","24":"tag-noticias","25":"tag-noticias-principais","26":"tag-noticiasprincipais","27":"tag-principais-noticias","28":"tag-principaisnoticias","29":"tag-russia","30":"tag-top-stories","31":"tag-topstories","32":"tag-ucrania","33":"tag-ultimas","34":"tag-ultimas-noticias","35":"tag-ultimasnoticias","36":"tag-world","37":"tag-world-news","38":"tag-worldnews"},"share_on_mastodon":{"url":"https:\/\/pubeurope.com\/@pt\/115548842007759714","error":""},"_links":{"self":[{"href":"https:\/\/www.europesays.com\/pt\/wp-json\/wp\/v2\/posts\/151839","targetHints":{"allow":["GET"]}}],"collection":[{"href":"https:\/\/www.europesays.com\/pt\/wp-json\/wp\/v2\/posts"}],"about":[{"href":"https:\/\/www.europesays.com\/pt\/wp-json\/wp\/v2\/types\/post"}],"author":[{"embeddable":true,"href":"https:\/\/www.europesays.com\/pt\/wp-json\/wp\/v2\/users\/2"}],"replies":[{"embeddable":true,"href":"https:\/\/www.europesays.com\/pt\/wp-json\/wp\/v2\/comments?post=151839"}],"version-history":[{"count":0,"href":"https:\/\/www.europesays.com\/pt\/wp-json\/wp\/v2\/posts\/151839\/revisions"}],"wp:featuredmedia":[{"embeddable":true,"href":"https:\/\/www.europesays.com\/pt\/wp-json\/wp\/v2\/media\/151840"}],"wp:attachment":[{"href":"https:\/\/www.europesays.com\/pt\/wp-json\/wp\/v2\/media?parent=151839"}],"wp:term":[{"taxonomy":"category","embeddable":true,"href":"https:\/\/www.europesays.com\/pt\/wp-json\/wp\/v2\/categories?post=151839"},{"taxonomy":"post_tag","embeddable":true,"href":"https:\/\/www.europesays.com\/pt\/wp-json\/wp\/v2\/tags?post=151839"}],"curies":[{"name":"wp","href":"https:\/\/api.w.org\/{rel}","templated":true}]}}