{"id":151845,"date":"2025-11-14T15:54:12","date_gmt":"2025-11-14T15:54:12","guid":{"rendered":"https:\/\/www.europesays.com\/pt\/151845\/"},"modified":"2025-11-14T15:54:12","modified_gmt":"2025-11-14T15:54:12","slug":"vem-ai-em-terra-forte-vivi-engana-medico-e-faz-um-assalto-novelas","status":"publish","type":"post","link":"https:\/\/www.europesays.com\/pt\/151845\/","title":{"rendered":"Vem a\u00ed em \u00abTerra Forte\u00bb: Vivi engana m\u00e9dico e faz um assalto &#8211; Novelas"},"content":{"rendered":"<p>Em \u00abTerra Forte\u00bb, <a href=\"https:\/\/tvi.iol.pt\/novelas\/videos\/maria-de-fatima-toma-decisao-sobre-vivi-esta-demitida\/68f8e7750cf285ab53a6b259\" rel=\"nofollow noopener\" target=\"_blank\">Vivi (Sofia Nicholson)<\/a>\u00a0chega ao hospital e benze-se a pedir f\u00e9 para o que vai fazer.<\/p>\n<p><a href=\"https:\/\/tvi.iol.pt\/novelas\/videos\/terra-forte-empresa-de-marcus-provoca-problemas-de-saude-a-centenas-de-pessoas\/690a568c0cf229bd2f8d374a\" rel=\"nofollow noopener\" target=\"_blank\">Armando (Ricardo Carri\u00e7o)<\/a>\u00a0est\u00e1 a falar com o m\u00e9dico que atendeu Gui, quando Vivi entra a indicar estar a sentir-se muito mal. Armando olha-a preocupado e Vivi disfar\u00e7a um sorriso enquanto \u00e9 levada para o interior.<\/p>\n<p>M\u00e9dico observa Vivi e estranha que ela tenha tido aquele ataque quando est\u00e1 tudo bem com ela. Vivi levanta-se sorrateira \u00e0 procura da sala dos medicamentos.<\/p>\n<p>Vivi encontra os medicamentos que procurava e corre de seguida para a sa\u00edda.<\/p>\n<p>Armando, \u00e0 porta do hospital, estranha ver Vivi a passar animada por ele.<\/p>\n<p>Recorde-se que Vivi e a fam\u00edlia est\u00e3o prestes a perder a casa:<\/p>\n","protected":false},"excerpt":{"rendered":"Em \u00abTerra Forte\u00bb, Vivi (Sofia Nicholson)\u00a0chega ao hospital e benze-se a pedir f\u00e9 para o que vai fazer.&hellip;\n","protected":false},"author":2,"featured_media":151846,"comment_status":"","ping_status":"","sticky":false,"template":"","format":"standard","meta":{"footnotes":""},"categories":[142],"tags":[160,32103,166,114,115,157,167,164,161,158,165,159,32,33,156,18615,3086,18614,163,151,162,28302],"class_list":{"0":"post-151845","1":"post","2":"type-post","3":"status-publish","4":"format-standard","5":"has-post-thumbnail","7":"category-tv","8":"tag-ana-guiomar","9":"tag-armando","10":"tag-cristina-ferreira","11":"tag-entertainment","12":"tag-entretenimento","13":"tag-festa-e-festa","14":"tag-ficcao","15":"tag-jose-fidalgo","16":"tag-novelas","17":"tag-para-sempre","18":"tag-pedro-sousa","19":"tag-pedro-teixeira","20":"tag-portugal","21":"tag-pt","22":"tag-queridos-papas","23":"tag-ricardo-carrico","24":"tag-sofia-nicholson","25":"tag-terra-forte","26":"tag-tiago-teotonio-pereira","27":"tag-tv","28":"tag-tvi","29":"tag-vivi"},"share_on_mastodon":{"url":"https:\/\/pubeurope.com\/@pt\/115548865489438293","error":""},"_links":{"self":[{"href":"https:\/\/www.europesays.com\/pt\/wp-json\/wp\/v2\/posts\/151845","targetHints":{"allow":["GET"]}}],"collection":[{"href":"https:\/\/www.europesays.com\/pt\/wp-json\/wp\/v2\/posts"}],"about":[{"href":"https:\/\/www.europesays.com\/pt\/wp-json\/wp\/v2\/types\/post"}],"author":[{"embeddable":true,"href":"https:\/\/www.europesays.com\/pt\/wp-json\/wp\/v2\/users\/2"}],"replies":[{"embeddable":true,"href":"https:\/\/www.europesays.com\/pt\/wp-json\/wp\/v2\/comments?post=151845"}],"version-history":[{"count":0,"href":"https:\/\/www.europesays.com\/pt\/wp-json\/wp\/v2\/posts\/151845\/revisions"}],"wp:featuredmedia":[{"embeddable":true,"href":"https:\/\/www.europesays.com\/pt\/wp-json\/wp\/v2\/media\/151846"}],"wp:attachment":[{"href":"https:\/\/www.europesays.com\/pt\/wp-json\/wp\/v2\/media?parent=151845"}],"wp:term":[{"taxonomy":"category","embeddable":true,"href":"https:\/\/www.europesays.com\/pt\/wp-json\/wp\/v2\/categories?post=151845"},{"taxonomy":"post_tag","embeddable":true,"href":"https:\/\/www.europesays.com\/pt\/wp-json\/wp\/v2\/tags?post=151845"}],"curies":[{"name":"wp","href":"https:\/\/api.w.org\/{rel}","templated":true}]}}