{"id":151847,"date":"2025-11-14T15:55:09","date_gmt":"2025-11-14T15:55:09","guid":{"rendered":"https:\/\/www.europesays.com\/pt\/151847\/"},"modified":"2025-11-14T15:55:09","modified_gmt":"2025-11-14T15:55:09","slug":"preto-e-encarnado-vencem-na-red-carpet-dos-grammys-latino-observador","status":"publish","type":"post","link":"https:\/\/www.europesays.com\/pt\/151847\/","title":{"rendered":"Preto e encarnado vencem na red carpet dos Grammys Latino \u2013 Observador"},"content":{"rendered":"<p>Na passada quinta-feira, 13 de novembro, os principais nomes da m\u00fasica latina reuniram-se no MGM Grand Garden Arena, em Las Vegas, para a cerim\u00f3nia de entrega dos Grammy Latinos. E enquanto<a href=\"https:\/\/observador.pt\/2025\/11\/14\/bad-bunny-e-um-dos-grandes-vencedores-dos-grammy-latinos-que-deixaram-portugueses-de-fora\/\" target=\"_blank\" rel=\"noopener nofollow\"> no palco o grande vencedor foi Bad Bunny<\/a>, na red carpet os vermelhos e pretos lideraram, com destaque para a colombiana Karol G.<\/p>\n<p>Vencedora na categoria de Melhor Can\u00e7\u00e3o do Ano por\u00a0Si antes te hubiera conocido,\u00a0a cantora que j\u00e1 venceu outros seis Grammys ao longo da carreira optou por um visual bastante mais cl\u00e1ssico do que o habitual. Num vestido preto brilhante com silhueta ajustada com plumas nas ancas e um decote profundo em formato v. Karol G combinou a pe\u00e7a com um conjunto de brincos e anel oversized de esmeralda.<\/p>\n<p>Kacey Musgraves tamb\u00e9m apostou no brilho, mas numa vers\u00e3o vermelha, cor que foi provavelmente a mais vista na red carpet desta noite, com outros nomes como Gabriella Martinez, Anita Vergara ou o quarteto espanhol Las Migas. J\u00e1 personalidades mais consagradas da m\u00fasica latina, como Gloria Estefan, o cantor Maluma ou a espanhola Aitana escolheram, assim como Karol G, os visuais pretos. Por sua vez, Alejandro Sanz, que surpreendeu ao receber dois pr\u00e9mios esta noite, pisou a passadeira vermelha num fato cinza claro, enquanto a brasileira Liniker, que levou tr\u00eas pr\u00e9mios, escolheu um vestido sob medida da mesma criadora de moda que desenha as pe\u00e7as de Ivete Sangalo.\u00a0<strong>Veja os visuais na galeria acima.<\/strong><\/p>\n","protected":false},"excerpt":{"rendered":"Na passada quinta-feira, 13 de novembro, os principais nomes da m\u00fasica latina reuniram-se no MGM Grand Garden Arena,&hellip;\n","protected":false},"author":2,"featured_media":151848,"comment_status":"","ping_status":"","sticky":false,"template":"","format":"standard","meta":{"footnotes":""},"categories":[141],"tags":[315,114,115,12228,186,1079,149,150,14758,32,33],"class_list":{"0":"post-151847","1":"post","2":"type-post","3":"status-publish","4":"format-standard","5":"has-post-thumbnail","7":"category-musica","8":"tag-cultura","9":"tag-entertainment","10":"tag-entretenimento","11":"tag-grammys","12":"tag-lifestyle","13":"tag-moda","14":"tag-music","15":"tag-musica","16":"tag-passadeira-vermelha","17":"tag-portugal","18":"tag-pt"},"share_on_mastodon":{"url":"https:\/\/pubeurope.com\/@pt\/115548869320592307","error":""},"_links":{"self":[{"href":"https:\/\/www.europesays.com\/pt\/wp-json\/wp\/v2\/posts\/151847","targetHints":{"allow":["GET"]}}],"collection":[{"href":"https:\/\/www.europesays.com\/pt\/wp-json\/wp\/v2\/posts"}],"about":[{"href":"https:\/\/www.europesays.com\/pt\/wp-json\/wp\/v2\/types\/post"}],"author":[{"embeddable":true,"href":"https:\/\/www.europesays.com\/pt\/wp-json\/wp\/v2\/users\/2"}],"replies":[{"embeddable":true,"href":"https:\/\/www.europesays.com\/pt\/wp-json\/wp\/v2\/comments?post=151847"}],"version-history":[{"count":0,"href":"https:\/\/www.europesays.com\/pt\/wp-json\/wp\/v2\/posts\/151847\/revisions"}],"wp:featuredmedia":[{"embeddable":true,"href":"https:\/\/www.europesays.com\/pt\/wp-json\/wp\/v2\/media\/151848"}],"wp:attachment":[{"href":"https:\/\/www.europesays.com\/pt\/wp-json\/wp\/v2\/media?parent=151847"}],"wp:term":[{"taxonomy":"category","embeddable":true,"href":"https:\/\/www.europesays.com\/pt\/wp-json\/wp\/v2\/categories?post=151847"},{"taxonomy":"post_tag","embeddable":true,"href":"https:\/\/www.europesays.com\/pt\/wp-json\/wp\/v2\/tags?post=151847"}],"curies":[{"name":"wp","href":"https:\/\/api.w.org\/{rel}","templated":true}]}}