{"id":151851,"date":"2025-11-14T16:02:16","date_gmt":"2025-11-14T16:02:16","guid":{"rendered":"https:\/\/www.europesays.com\/pt\/151851\/"},"modified":"2025-11-14T16:02:16","modified_gmt":"2025-11-14T16:02:16","slug":"ucrania-usa-misseis-long-neptune-com-sucesso-contra-russia","status":"publish","type":"post","link":"https:\/\/www.europesays.com\/pt\/151851\/","title":{"rendered":"Ucr\u00e2nia usa m\u00edsseis Long Neptune com sucesso contra R\u00fassia"},"content":{"rendered":"<p>Estes m\u00edsseis Long Neptune, de fabrico ucraniano, foram utilizados com sucesso em testes de combate em mar\u00e7o e t\u00eam um alcance de cerca de 1000km, disse Zelensky, na altura, como recorda a Reuters, que d\u00e1 conta das declara\u00e7\u00f5es das for\u00e7as armadas, no in\u00edcio desta semana, sobre o aumento da utiliza\u00e7\u00e3o eficaz de armas de longo alcance nacionais, que incluem este tipo de m\u00edsseis.<\/p>\n<p>&#8220;Est\u00e1 a causar consider\u00e1veis problemas ao inimigo&#8221;, segundo informaram as for\u00e7as armadas ucranianas, na passada ter\u00e7a-feira.<\/p>\n<p>Nas redes sociais, e no seguimento da utiliza\u00e7\u00e3o de Long Neptunes, ap\u00f3s um ataque russo contra Kiev, Zelensky agradeceu a todos os que contribuem para o &#8220;programa de m\u00edsseis e proporcionam \u00e0 Ucr\u00e2nia esta precis\u00e3o e capacidade de longo alcance&#8221;. <\/p>\n<p>A capital ucraniana, recorde-se, foi, na \u00faltima noite, alvo de uma ofensiva de larga escala, na qual a R\u00fassia utilizou cerca de 18 m\u00edsseis e 430 drones contra Kiev, segundo o presidente ucraniano. <\/p>\n<p>Tratou-se de um ataque planeado para causar o &#8220;m\u00e1ximo de danos \u00e0 popula\u00e7\u00e3o civil&#8221;, acusou Zelensky.<\/p>\n<p>O presidente ucraniano detalhou ao afirmar que,\u00a0<strong>&#8220;s\u00f3 em Kiev, dezenas de edif\u00edcios de apartamentos foram danificados&#8221;. &#8220;A<\/strong>\u00a0<strong>embaixada do Azerbaij\u00e3o foi atingida por destro\u00e7os de um m\u00edssil Iskander&#8221;<\/strong>, adiantou.<\/p>\n<p><strong>&#8220;Um ataque cruel \u2013 at\u00e9 ao momento, sabemos que h\u00e1 dezenas de feridos, incluindo crian\u00e7as e uma mulher gr\u00e1vida&#8221;, classificou o presidente ucraniano<\/strong>\u00a0numa mensagem divulgada nas redes sociais, onde partilhou imagens das consequ\u00eancias da ofensiva russa.<\/p>\n","protected":false},"excerpt":{"rendered":"Estes m\u00edsseis Long Neptune, de fabrico ucraniano, foram utilizados com sucesso em testes de combate em mar\u00e7o e&hellip;\n","protected":false},"author":2,"featured_media":151852,"comment_status":"","ping_status":"","sticky":false,"template":"","format":"standard","meta":{"footnotes":""},"categories":[50],"tags":[27,28,15,16,889,14,25,26,21,22,4405,62,12,13,19,20,23,24,839,17,18,29,30,31,63,64,65],"class_list":{"0":"post-151851","1":"post","2":"type-post","3":"status-publish","4":"format-standard","5":"has-post-thumbnail","7":"category-mundo","8":"tag-breaking-news","9":"tag-breakingnews","10":"tag-featured-news","11":"tag-featurednews","12":"tag-guerra-na-ucrania","13":"tag-headlines","14":"tag-latest-news","15":"tag-latestnews","16":"tag-main-news","17":"tag-mainnews","18":"tag-misseis","19":"tag-mundo","20":"tag-news","21":"tag-noticias","22":"tag-noticias-principais","23":"tag-noticiasprincipais","24":"tag-principais-noticias","25":"tag-principaisnoticias","26":"tag-russia","27":"tag-top-stories","28":"tag-topstories","29":"tag-ultimas","30":"tag-ultimas-noticias","31":"tag-ultimasnoticias","32":"tag-world","33":"tag-world-news","34":"tag-worldnews"},"share_on_mastodon":{"url":"https:\/\/pubeurope.com\/@pt\/115548896801205803","error":""},"_links":{"self":[{"href":"https:\/\/www.europesays.com\/pt\/wp-json\/wp\/v2\/posts\/151851","targetHints":{"allow":["GET"]}}],"collection":[{"href":"https:\/\/www.europesays.com\/pt\/wp-json\/wp\/v2\/posts"}],"about":[{"href":"https:\/\/www.europesays.com\/pt\/wp-json\/wp\/v2\/types\/post"}],"author":[{"embeddable":true,"href":"https:\/\/www.europesays.com\/pt\/wp-json\/wp\/v2\/users\/2"}],"replies":[{"embeddable":true,"href":"https:\/\/www.europesays.com\/pt\/wp-json\/wp\/v2\/comments?post=151851"}],"version-history":[{"count":0,"href":"https:\/\/www.europesays.com\/pt\/wp-json\/wp\/v2\/posts\/151851\/revisions"}],"wp:featuredmedia":[{"embeddable":true,"href":"https:\/\/www.europesays.com\/pt\/wp-json\/wp\/v2\/media\/151852"}],"wp:attachment":[{"href":"https:\/\/www.europesays.com\/pt\/wp-json\/wp\/v2\/media?parent=151851"}],"wp:term":[{"taxonomy":"category","embeddable":true,"href":"https:\/\/www.europesays.com\/pt\/wp-json\/wp\/v2\/categories?post=151851"},{"taxonomy":"post_tag","embeddable":true,"href":"https:\/\/www.europesays.com\/pt\/wp-json\/wp\/v2\/tags?post=151851"}],"curies":[{"name":"wp","href":"https:\/\/api.w.org\/{rel}","templated":true}]}}