{"id":151857,"date":"2025-11-14T16:14:08","date_gmt":"2025-11-14T16:14:08","guid":{"rendered":"https:\/\/www.europesays.com\/pt\/151857\/"},"modified":"2025-11-14T16:14:08","modified_gmt":"2025-11-14T16:14:08","slug":"musica-nova-para-o-fim-de-semana-a-sequela-de-fka-twigs-o-regresso-surpresa-de-charli-xcx-e-o-homem-que-bill-callahan-deveria-ser","status":"publish","type":"post","link":"https:\/\/www.europesays.com\/pt\/151857\/","title":{"rendered":"M\u00fasica nova para o fim de semana: a sequela de FKA Twigs, o regresso surpresa de Charli XCX e o homem que Bill Callahan deveria ser"},"content":{"rendered":"<p>O regresso de <strong>Bill Callahan<\/strong>, que <a href=\"https:\/\/expresso.pt\/blitz\/2025-07-08-escrever-sobre-o-jake-gyllenhaal-ter-deixado-o-cachecol-em-minha-casa--prefiro-escrever-sobre-a-ovelha-que-deu-a-la-para-fazer-o-cachecol-194ef6f9\" target=\"_blank\" rel=\"noopener noreferrer nofollow\">este ano deu dois concertos em Portugal<\/a>, \u00e9 um dos destaques desta semana.<\/p>\n<p><strong>\u201cMy Days of 58\u201d<\/strong>, o oitavo \u00e1lbum do cantor-compositor, ser\u00e1 lan\u00e7ado em <strong>fevereiro de 2026<\/strong>, mas j\u00e1 h\u00e1 um single para ouvir: <strong>\u2018<\/strong><strong>The Man I\u2019m Supposed to Be\u2019<\/strong>.<\/p>\n<p>No novo \u00e1lbum do norte-americano, a banda \u00e9 composta <strong>pela banda que o acompanhou na digress\u00e3o de 2022<\/strong>: Matt Kinsey na guitarra, Dustin Laurenzi no saxofone e Jim White na bateria.<\/p>\n<p>  <a href=\"https:\/\/expresso.pt\/subscrever?action=GEN&amp;channel=VID&amp;type=CAP&amp;source=WEB&amp;returnUrl=https:\/\/expresso.pt\/blitz\/2025-11-14-musica-nova-para-o-fim-de-semana-a-sequela-de-fka-twigs-o-regresso-surpresa-de-charli-xcx-e-o-homem-que-bill-callahan-deveria-ser-b1eb9980&amp;utm_source=expresso&amp;utm_medium=locked_article&amp;locked=true&amp;article_id=614a497e-7d07-4dd8-9cea-c6cba475d06b&amp;author_id=Lia+Pereira&amp;category=Blitz\" target=\"_self\" class=\"\" rel=\"nofollow noopener\">Subscrever<\/a>J\u00e1 \u00e9 Subscritor?Fa\u00e7a login e continue a ler<a href=\"http:\/\/expresso.pt\/codigo?redirectUrl=https:\/\/expresso.pt\/blitz\/2025-11-14-musica-nova-para-o-fim-de-semana-a-sequela-de-fka-twigs-o-regresso-surpresa-de-charli-xcx-e-o-homem-que-bill-callahan-deveria-ser-b1eb9980\" target=\"_self\" class=\"\" rel=\"nofollow noopener\">Inserir C\u00f3digo<\/a>Comprou o Expresso?Insira o c\u00f3digo presente na Revista E para continuar a ler<\/p>\n","protected":false},"excerpt":{"rendered":"O regresso de Bill Callahan, que este ano deu dois concertos em Portugal, \u00e9 um dos destaques desta&hellip;\n","protected":false},"author":2,"featured_media":151858,"comment_status":"","ping_status":"","sticky":false,"template":"","format":"standard","meta":{"footnotes":""},"categories":[141],"tags":[114,115,149,150,32,33],"class_list":{"0":"post-151857","1":"post","2":"type-post","3":"status-publish","4":"format-standard","5":"has-post-thumbnail","7":"category-musica","8":"tag-entertainment","9":"tag-entretenimento","10":"tag-music","11":"tag-musica","12":"tag-portugal","13":"tag-pt"},"share_on_mastodon":{"url":"https:\/\/pubeurope.com\/@pt\/115548944190237367","error":""},"_links":{"self":[{"href":"https:\/\/www.europesays.com\/pt\/wp-json\/wp\/v2\/posts\/151857","targetHints":{"allow":["GET"]}}],"collection":[{"href":"https:\/\/www.europesays.com\/pt\/wp-json\/wp\/v2\/posts"}],"about":[{"href":"https:\/\/www.europesays.com\/pt\/wp-json\/wp\/v2\/types\/post"}],"author":[{"embeddable":true,"href":"https:\/\/www.europesays.com\/pt\/wp-json\/wp\/v2\/users\/2"}],"replies":[{"embeddable":true,"href":"https:\/\/www.europesays.com\/pt\/wp-json\/wp\/v2\/comments?post=151857"}],"version-history":[{"count":0,"href":"https:\/\/www.europesays.com\/pt\/wp-json\/wp\/v2\/posts\/151857\/revisions"}],"wp:featuredmedia":[{"embeddable":true,"href":"https:\/\/www.europesays.com\/pt\/wp-json\/wp\/v2\/media\/151858"}],"wp:attachment":[{"href":"https:\/\/www.europesays.com\/pt\/wp-json\/wp\/v2\/media?parent=151857"}],"wp:term":[{"taxonomy":"category","embeddable":true,"href":"https:\/\/www.europesays.com\/pt\/wp-json\/wp\/v2\/categories?post=151857"},{"taxonomy":"post_tag","embeddable":true,"href":"https:\/\/www.europesays.com\/pt\/wp-json\/wp\/v2\/tags?post=151857"}],"curies":[{"name":"wp","href":"https:\/\/api.w.org\/{rel}","templated":true}]}}