{"id":151859,"date":"2025-11-14T16:15:13","date_gmt":"2025-11-14T16:15:13","guid":{"rendered":"https:\/\/www.europesays.com\/pt\/151859\/"},"modified":"2025-11-14T16:15:13","modified_gmt":"2025-11-14T16:15:13","slug":"bruna-surfistinha-2-veja-primeira-imagem-de-debora-secco-na-continua","status":"publish","type":"post","link":"https:\/\/www.europesays.com\/pt\/151859\/","title":{"rendered":"Bruna Surfistinha 2 | Veja primeira imagem de D\u00e9bora Secco na continua"},"content":{"rendered":"<p>Bruna Surfistinha 2 | Veja primeira imagem de D\u00e9bora Secco na continua<\/p>\n<p>\n      Sequ\u00eancia iniciou filmagens em novembro\n    <\/p>\n<p>      <img decoding=\"async\" class=\"reading-time__icon\" src=\"https:\/\/cdn.ome.lt\/static\/omelete25\/img\/clock-icon.svg\" alt=\"Omelete\"\/><\/p>\n<p>\n        1 min de leitura\n      <\/p>\n<p>            <img loading=\"lazy\" decoding=\"async\" class=\"action-buttons__icon\" src=\"https:\/\/cdn.ome.lt\/static\/omelete25\/img\/share-icon.svg\" alt=\"\u00cdcone compartilhamento\" width=\"24\" height=\"24\"\/><\/p>\n<p>        Compartilhar<\/p>\n<p>A sequ\u00eancia de <strong>Bruna Surfistinha<\/strong>, que chega aos cinemas brasileiros em 2026, divulgou a primeira imagem com <strong>D\u00e9bora Secco<\/strong> caracterizada como a agora ex-garota de programa.<\/p>\n<p>            Continua depois da Publicidade<\/p>\n<p>A primeira vers\u00e3o do filme, uma adapta\u00e7\u00e3o cinematogr\u00e1fica do bestseller liter\u00e1rio &#8220;O Doce Veneno Do Escorpi\u00e3o: o Di\u00e1rio de uma Garota de Programa&#8221;, de<strong>\u00a0Raquel Pacheco<\/strong>, conta a hist\u00f3ria da jovem Raquel (Secco), filha de classe m\u00e9dia paulistana que um dia sai de casa e toma uma decis\u00e3o surpreendente: virar garota de programa. Em pouco tempo, Raquel se transforma em Bruna Surfistinha e passa a ser uma celebridade nacional, contando sua rotina em um blog na internet.<\/p>\n<p>As filmagens de\u00a0<strong>Bruna Surfistinha 2<\/strong> come\u00e7aram no dia 9 de novembro e seguem at\u00e9 22 de dezembro com produ\u00e7\u00e3o da TvZERO e lan\u00e7amento previsto para o fim de 2026. A distribui\u00e7\u00e3o \u00e9 da Imagem Filmes e coprodu\u00e7\u00e3o da Paramount Pictures e Telecine.<\/p>\n<p>          Omelete Recomenda<\/p>\n<p class=\"lgpd__text\">\n      Ao continuar navegando, declaro que estou ciente e concordo com a nossa<br \/>\n      <a class=\"lgpd__link\" href=\"https:\/\/www.omeletecompany.com\/politica-privacidade\" target=\"_blank\" rel=\"nofollow noopener\">Pol\u00edtica de Privacidade<\/a><br \/>\n      bem como manifesto o consentimento quanto ao fornecimento e tratamento dos dados e cookies para as finalidades ali<br \/>\n      constantes.\n    <\/p>\n<p>    Aceitar<\/p>\n","protected":false},"excerpt":{"rendered":"Bruna Surfistinha 2 | Veja primeira imagem de D\u00e9bora Secco na continua Sequ\u00eancia iniciou filmagens em novembro 1&hellip;\n","protected":false},"author":2,"featured_media":151860,"comment_status":"","ping_status":"","sticky":false,"template":"","format":"standard","meta":{"footnotes":""},"categories":[140],"tags":[114,115,147,148,146,32,33],"class_list":{"0":"post-151859","1":"post","2":"type-post","3":"status-publish","4":"format-standard","5":"has-post-thumbnail","7":"category-filmes","8":"tag-entertainment","9":"tag-entretenimento","10":"tag-film","11":"tag-filmes","12":"tag-movies","13":"tag-portugal","14":"tag-pt"},"share_on_mastodon":{"url":"https:\/\/pubeurope.com\/@pt\/115548948036725193","error":""},"_links":{"self":[{"href":"https:\/\/www.europesays.com\/pt\/wp-json\/wp\/v2\/posts\/151859","targetHints":{"allow":["GET"]}}],"collection":[{"href":"https:\/\/www.europesays.com\/pt\/wp-json\/wp\/v2\/posts"}],"about":[{"href":"https:\/\/www.europesays.com\/pt\/wp-json\/wp\/v2\/types\/post"}],"author":[{"embeddable":true,"href":"https:\/\/www.europesays.com\/pt\/wp-json\/wp\/v2\/users\/2"}],"replies":[{"embeddable":true,"href":"https:\/\/www.europesays.com\/pt\/wp-json\/wp\/v2\/comments?post=151859"}],"version-history":[{"count":0,"href":"https:\/\/www.europesays.com\/pt\/wp-json\/wp\/v2\/posts\/151859\/revisions"}],"wp:featuredmedia":[{"embeddable":true,"href":"https:\/\/www.europesays.com\/pt\/wp-json\/wp\/v2\/media\/151860"}],"wp:attachment":[{"href":"https:\/\/www.europesays.com\/pt\/wp-json\/wp\/v2\/media?parent=151859"}],"wp:term":[{"taxonomy":"category","embeddable":true,"href":"https:\/\/www.europesays.com\/pt\/wp-json\/wp\/v2\/categories?post=151859"},{"taxonomy":"post_tag","embeddable":true,"href":"https:\/\/www.europesays.com\/pt\/wp-json\/wp\/v2\/tags?post=151859"}],"curies":[{"name":"wp","href":"https:\/\/api.w.org\/{rel}","templated":true}]}}