{"id":151861,"date":"2025-11-14T16:18:14","date_gmt":"2025-11-14T16:18:14","guid":{"rendered":"https:\/\/www.europesays.com\/pt\/151861\/"},"modified":"2025-11-14T16:18:14","modified_gmt":"2025-11-14T16:18:14","slug":"lady-gaga-revela-surto-psicotico-e-dificuldades-depois-de-filmar-assim-nasce-uma-estrela","status":"publish","type":"post","link":"https:\/\/www.europesays.com\/pt\/151861\/","title":{"rendered":"Lady Gaga revela surto psic\u00f3tico e dificuldades depois de filmar &#8220;Assim nasce uma estrela&#8221;"},"content":{"rendered":"<p data-remotead-prev-elm=\"true\" data-remotead-elm-id=\"inread\">Lady Gaga voltou a expor o lado menos vis\u00edvel do seu percurso art\u00edstico. A cantora, de 39 anos, revelou numa entrevista recente \u00e0 revista americana &#8220;Rolling Stone&#8221; que estava medicada com l\u00edtio durante as filmagens de &#8220;Assim nasce uma estrela&#8221;, rodado na primavera de 2016.<\/p>\n<p>Segundo o site &#8220;Just Jared&#8221;, Gaga confirmou que &#8220;tomava litio&#8221; enquanto interpretava a personagem que contracenou com Bradley Cooper. O medicamento, frequentemente usado no tratamento de mania, hipomania, perturba\u00e7\u00e3o bipolar, esquizofrenia e algumas formas de depress\u00e3o, ajudava a estabilizar o seu estado emocional num per\u00edodo que descreve como particularmente exigente.<\/p>\n<p>A artista j\u00e1 tinha falado sobre a fragilidade dessa fase, mas agora oferece um retrato mais concreto do que viveu entre grava\u00e7\u00f5es, viagens e um ritmo profissional quase ininterrupto.<\/p>\n<p>&#8220;Foi assustador. Entrei completamente em colapso&#8221;<\/p>\n<p data-remotead-prev-elm=\"true\" data-remotead-elm-id=\"centro1\">O ponto de rutura chegaria meses depois, durante a &#8220;Joanne World Tour&#8221;, entre agosto de 2017 e fevereiro do ano seguinte. Lady Gaga explicou que passou por um surto psic\u00f3tico que levou ao cancelamento dos \u00faltimos dez concertos da digress\u00e3o. Na altura, justificou a decis\u00e3o com dores cr\u00f3nicas, mas hoje admite que a situa\u00e7\u00e3o era mais grave.<\/p>\n<p>&#8220;Houve um dia em que fui para o hospital receber cuidados psiqui\u00e1tricos. Precisava de fazer uma pausa&#8230; Entrei completamente em colapso. Foi assustador. (&#8230;) Sinto-me sortuda por estar viva. Sei que pode soar dram\u00e1tico, mas sabemos bem como estas coisas podem acabar&#8221;, recordou.<\/p>\n<p>A recupera\u00e7\u00e3o contou, diz, com um apoio decisivo: o do noivo Michael Polansky. &#8220;Estar apaixonada por algu\u00e9m que se preocupa com o meu verdadeiro &#8220;eu&#8221; fez uma diferen\u00e7a enorme&#8221;, afirmou, sublinhando a import\u00e2ncia de ter encontrado estabilidade fora do palco.<\/p>\n<p>&#8220;Uma verdadeira loucura&#8221;<\/p>\n<p data-remotead-prev-elm=\"true\" data-remotead-elm-id=\"centro2\">Atualmente, Lady Gaga descreve-se como &#8220;uma pessoa saud\u00e1vel e completa&#8221; e acredita que essa reconstru\u00e7\u00e3o se reflete no seu \u00e1lbum mais recente, &#8220;Mayhem&#8221;, lan\u00e7ado este ano. &#8220;Foram meses e meses de redescoberta de tudo o que tinha perdido. E, honestamente, acho que \u00e9 por isso que o \u00e1lbum se chama &#8220;Mayhem&#8221; &#8211; porque o que foi preciso para recuperar tudo isso foi uma verdadeira loucura&#8221;, contou.<\/p>\n<p>Nas primeiras atua\u00e7\u00f5es da &#8220;Mayhem Ball Tour&#8221;, a artista diz j\u00e1 n\u00e3o depender da adrenalina para atuar. O que a orienta agora, assegura, \u00e9 trabalho interior e estabilidade emocional. &#8220;Cada c\u00e9lula do meu corpo diz: &#8220;Tu sabes o que fazer&#8221;&#8221;, descreve.<\/p>\n","protected":false},"excerpt":{"rendered":"Lady Gaga voltou a expor o lado menos vis\u00edvel do seu percurso art\u00edstico. A cantora, de 39 anos,&hellip;\n","protected":false},"author":2,"featured_media":151862,"comment_status":"","ping_status":"","sticky":false,"template":"","format":"standard","meta":{"footnotes":""},"categories":[85],"tags":[813,1640,114,115,1277,32,33,1030],"class_list":{"0":"post-151861","1":"post","2":"type-post","3":"status-publish","4":"format-standard","5":"has-post-thumbnail","7":"category-entretenimento","8":"tag-atriz","9":"tag-cantora","10":"tag-entertainment","11":"tag-entretenimento","12":"tag-lady-gaga","13":"tag-portugal","14":"tag-pt","15":"tag-saude-mental"},"share_on_mastodon":{"url":"https:\/\/pubeurope.com\/@pt\/115548960073245589","error":""},"_links":{"self":[{"href":"https:\/\/www.europesays.com\/pt\/wp-json\/wp\/v2\/posts\/151861","targetHints":{"allow":["GET"]}}],"collection":[{"href":"https:\/\/www.europesays.com\/pt\/wp-json\/wp\/v2\/posts"}],"about":[{"href":"https:\/\/www.europesays.com\/pt\/wp-json\/wp\/v2\/types\/post"}],"author":[{"embeddable":true,"href":"https:\/\/www.europesays.com\/pt\/wp-json\/wp\/v2\/users\/2"}],"replies":[{"embeddable":true,"href":"https:\/\/www.europesays.com\/pt\/wp-json\/wp\/v2\/comments?post=151861"}],"version-history":[{"count":0,"href":"https:\/\/www.europesays.com\/pt\/wp-json\/wp\/v2\/posts\/151861\/revisions"}],"wp:featuredmedia":[{"embeddable":true,"href":"https:\/\/www.europesays.com\/pt\/wp-json\/wp\/v2\/media\/151862"}],"wp:attachment":[{"href":"https:\/\/www.europesays.com\/pt\/wp-json\/wp\/v2\/media?parent=151861"}],"wp:term":[{"taxonomy":"category","embeddable":true,"href":"https:\/\/www.europesays.com\/pt\/wp-json\/wp\/v2\/categories?post=151861"},{"taxonomy":"post_tag","embeddable":true,"href":"https:\/\/www.europesays.com\/pt\/wp-json\/wp\/v2\/tags?post=151861"}],"curies":[{"name":"wp","href":"https:\/\/api.w.org\/{rel}","templated":true}]}}