{"id":151869,"date":"2025-11-14T16:23:10","date_gmt":"2025-11-14T16:23:10","guid":{"rendered":"https:\/\/www.europesays.com\/pt\/151869\/"},"modified":"2025-11-14T16:23:10","modified_gmt":"2025-11-14T16:23:10","slug":"ministra-da-saude-situa-problema-na-organizacao-com-o-que-investimos-deviamos-ter-respostas","status":"publish","type":"post","link":"https:\/\/www.europesays.com\/pt\/151869\/","title":{"rendered":"Ministra da Sa\u00fade situa problema na organiza\u00e7\u00e3o. &#8220;Com o que investimos dev\u00edamos ter respostas&#8221;"},"content":{"rendered":"<p>                A ministra da Sa\u00fade estimou esta sexta-feira que, <b>tendo em conta o investimento no sector que tutela, o pa\u00eds deveria j\u00e1 \u201cter mais respostas\u201d<\/b>. Ana Paula Martins, que falava em Paredes, por ocasi\u00e3o dos 43 anos da Cooperativa de Ensino Superior Polit\u00e9cnico e Universit\u00e1rio, colocou a t\u00f3nica na \u201cforma\u201d como o sistema est\u00e1 organizado.<\/p>\n<p><b>\u201cCom aquilo que investimos, dev\u00edamos ter mais respostas e, se n\u00e3o temos, seguramente n\u00e3o \u00e9 porque os profissionais n\u00e3o se esfor\u00e7am ou porque as equipas dirigentes n\u00e3o se esfor\u00e7am, \u00e9 porque a forma como estamos organizados n\u00e3o evoluiu suficientemente\u201d<\/b>, avaliou a governante.<\/p>\n<p>\u201cEvoluiu, claro, e evolui todos os dias, mas <b>n\u00e3o evoluiu suficientemente para conseguirmos melhorar alguns dos indicadores econ\u00f3mico-financeiros <\/b>que temos nas nossas organiza\u00e7\u00f5es\u201d, ressalvou.A Funda\u00e7\u00e3o para a Sa\u00fade lan\u00e7ou esta sexta-feira um <b><a href=\"https:\/\/www.rtp.pt\/noticias\/pais\/personalidades-ligadas-a-saude-assinam-manifesto-em-defesa-das-uls_n1698186\" target=\"_blank\" rel=\"nofollow noopener\">manifesto<\/a><\/b>, assinado por 30 profissionais, contra o \u201cesvaimento dos centros de sa\u00fade\u201d e com o intuito de alertar para as dificuldades de acesso a cuidados prim\u00e1rios.<\/p>\n<p>A titular da pasta da Sa\u00fade discursou, em Paredes, sobre o papel desempenhado pela CESPU nos dom\u00ednios da Educa\u00e7\u00e3o e na Sa\u00fade.<\/p>\n<p>\u201cH\u00e1 outras coisas que tamb\u00e9m nos caracterizam, mas eu vou ficar pela ambi\u00e7\u00e3o. E por muito investimento que fa\u00e7amos na sa\u00fade &#8211; e fazemos &#8211; n\u00f3s precisamos de solu\u00e7\u00f5es verdadeiramente reformistas, ou reformas, se quiserem\u201d, acentuou a ministra. <\/p>\n<p><b>Ana Paula Martins apontou tamb\u00e9m o dedo ao que descreveu como \u201cburocracias desnecess\u00e1rias num Estado que precisa claramente precisa de se modernizar\u201d<\/b>.<\/p>\n<p>&#8220;N\u00e3o estamos aqui para desistir. Porque se desistissem, desistiam da Educa\u00e7\u00e3o, desistiam de contribuir para a forma\u00e7\u00e3o, para a qualifica\u00e7\u00e3o, para enfrentar os desafios econ\u00f3micos do pa\u00eds, de crescimento do pa\u00eds. N\u00f3s n\u00e3o nos contentamos com estar na fasquia baixa. Temos que ir mais longe e para isso temos que fazer v\u00e1rias coisas\u201d, insistiu.\u201cUm pa\u00eds com 900 anos de hist\u00f3ria, mesmo com muitas vicissitudes, n\u00e3o pode perder a ambi\u00e7\u00e3o\u201d, sustentou a ministra da Sa\u00fade.<\/p>\n<p>No in\u00edcio da cerim\u00f3nia desta sexta-feira, o presidente da C\u00e2mara Municipal de Paredes dirigiu-se \u00e0 tutela da Sa\u00fade para recordar que a CESPU continua a querer ver homologado o curso de Medicina. <\/p>\n<p>Alexandre Almeida apelou ainda \u00e0 ministra para que olhe &#8220;com carinho&#8221; para a Unidade Local de Sa\u00fade do T\u00e2mega e Sousa, onde se verifica \u201cenorme sobrecarga\u201d.<\/p>\n<p>Por sua vez, o presidente do conselho de administra\u00e7\u00e3o da CESPU, Ant\u00f3nio Almeida Dias, referiu igualmente o curso de Medicina, vincando que tal ambi\u00e7\u00e3o ainda n\u00e3o se concretizou \u201cpor raz\u00f5es inexplic\u00e1veis\u201d, quando \u201coutros foram aceites em institui\u00e7\u00f5es com menos condi\u00e7\u00f5es\u201d.<br \/>&#13;<br \/>\nO mapa das urg\u00eancias para o fim de semana<br \/>&#13;<br \/>\n<br \/>&#13;<br \/>\nDois servi\u00e7os de urg\u00eancia de obstetr\u00edcia e ginecologia v\u00e3o estar encerrados este s\u00e1bado. No domingo estar\u00e1 fechada uma urg\u00eancia obst\u00e9trica. Era o que indicava o Portal do Servi\u00e7o Nacional de Sa\u00fade ao in\u00edcio da tarde desta sexta-feira.<\/p>\n<p>Assim, <b>no s\u00e1bado fecham as urg\u00eancias daquela especialidade nos hospitais do Barreiro, distrito de Set\u00fabal, e das Caldas da Rainha, distrito de Leiria<\/b>. <b>No domingo, encerra somente o servi\u00e7o de urg\u00eancia de ginecologia e obstetr\u00edcia do Hospital do Barreiro<\/b>.As autoridades recomendam que, antes de se deslocar a uma urg\u00eancia, a popula\u00e7\u00e3o contacte o SNS 24 (808 24 24 24).<\/p>\n<p><b>No s\u00e1bado, as urg\u00eancias de obstetr\u00edcia dos hospitais de Amadora-Sintra, Barreiro, Vila Franca de Xira, Santar\u00e9m, S\u00e3o Francisco Xavier, Leiria v\u00e3o estar a funcionar de modo condicionado<\/b>, acolhendo apenas casos referenciados pelo CODU\/INEM. <\/p>\n<p><b>No domingo est\u00e3o referenciadas as urg\u00eancias de obstetr\u00edcia do Amadora-Sintra, de Braga, Vila Franca de Xira, Santar\u00e9m e Abrantes<\/b>.<\/p>\n<p><b>Tamb\u00e9m as urg\u00eancias pedi\u00e1tricas de Vila Franca de Xira e do Hospital Beatriz \u00c2ngelo v\u00e3o ter restri\u00e7\u00f5es<\/b>, atendendo situa\u00e7\u00f5es referenciadas pelo Instituto Nacional de Emerg\u00eancia M\u00e9dica. <b>O Hospital Beatriz \u00c2ngelo, em Loures, s\u00f3 est\u00e1 referenciado no domingo<\/b>.<\/p>\n<p>No s\u00e1bado estar\u00e3o abertos 126 servi\u00e7os de urg\u00eancia em todo o pa\u00eds, a somar a 33 unidades a funcionar ao abrigo do projeto-piloto que obriga os utentes a um contacto pr\u00e9vio para a Linha SNS24. <\/p>\n<p>No domingo, estar\u00e3o dispon\u00edveis 123 urg\u00eancias e 34 unidades do projeto-piloto.<\/p>\n<p>c\/ Lusa&#13;\n            <\/p>\n","protected":false},"excerpt":{"rendered":"A ministra da Sa\u00fade estimou esta sexta-feira que, tendo em conta o investimento no sector que tutela, o&hellip;\n","protected":false},"author":2,"featured_media":151870,"comment_status":"","ping_status":"","sticky":false,"template":"","format":"standard","meta":{"footnotes":""},"categories":[8],"tags":[22114,27,28,32901,15,16,14,9399,25,26,21,22,5609,12,13,19,20,7015,32,23,24,33,117,2649,17,18,29,30,31,6954],"class_list":{"0":"post-151869","1":"post","2":"type-post","3":"status-publish","4":"format-standard","5":"has-post-thumbnail","7":"category-principais-noticias","8":"tag-ana-paula-martins","9":"tag-breaking-news","10":"tag-breakingnews","11":"tag-cespu","12":"tag-featured-news","13":"tag-featurednews","14":"tag-headlines","15":"tag-investimento","16":"tag-latest-news","17":"tag-latestnews","18":"tag-main-news","19":"tag-mainnews","20":"tag-ministra","21":"tag-news","22":"tag-noticias","23":"tag-noticias-principais","24":"tag-noticiasprincipais","25":"tag-paredes","26":"tag-portugal","27":"tag-principais-noticias","28":"tag-principaisnoticias","29":"tag-pt","30":"tag-saude","31":"tag-sns","32":"tag-top-stories","33":"tag-topstories","34":"tag-ultimas","35":"tag-ultimas-noticias","36":"tag-ultimasnoticias","37":"tag-urgencias"},"share_on_mastodon":{"url":"https:\/\/pubeurope.com\/@pt\/115548979644859078","error":""},"_links":{"self":[{"href":"https:\/\/www.europesays.com\/pt\/wp-json\/wp\/v2\/posts\/151869","targetHints":{"allow":["GET"]}}],"collection":[{"href":"https:\/\/www.europesays.com\/pt\/wp-json\/wp\/v2\/posts"}],"about":[{"href":"https:\/\/www.europesays.com\/pt\/wp-json\/wp\/v2\/types\/post"}],"author":[{"embeddable":true,"href":"https:\/\/www.europesays.com\/pt\/wp-json\/wp\/v2\/users\/2"}],"replies":[{"embeddable":true,"href":"https:\/\/www.europesays.com\/pt\/wp-json\/wp\/v2\/comments?post=151869"}],"version-history":[{"count":0,"href":"https:\/\/www.europesays.com\/pt\/wp-json\/wp\/v2\/posts\/151869\/revisions"}],"wp:featuredmedia":[{"embeddable":true,"href":"https:\/\/www.europesays.com\/pt\/wp-json\/wp\/v2\/media\/151870"}],"wp:attachment":[{"href":"https:\/\/www.europesays.com\/pt\/wp-json\/wp\/v2\/media?parent=151869"}],"wp:term":[{"taxonomy":"category","embeddable":true,"href":"https:\/\/www.europesays.com\/pt\/wp-json\/wp\/v2\/categories?post=151869"},{"taxonomy":"post_tag","embeddable":true,"href":"https:\/\/www.europesays.com\/pt\/wp-json\/wp\/v2\/tags?post=151869"}],"curies":[{"name":"wp","href":"https:\/\/api.w.org\/{rel}","templated":true}]}}