{"id":151871,"date":"2025-11-14T16:24:12","date_gmt":"2025-11-14T16:24:12","guid":{"rendered":"https:\/\/www.europesays.com\/pt\/151871\/"},"modified":"2025-11-14T16:24:12","modified_gmt":"2025-11-14T16:24:12","slug":"cardi-b-da-boas-vindas-ao-quarto-filho-primeiro-com-o-namorado-stefon-diggs-14-11-2025","status":"publish","type":"post","link":"https:\/\/www.europesays.com\/pt\/151871\/","title":{"rendered":"Cardi B d\u00e1 boas-vindas ao quarto filho, primeiro com o namorado Stefon Diggs &#8211; 14\/11\/2025"},"content":{"rendered":"<p>2025 est\u00e1 marcando os cora\u00e7\u00f5es de v\u00e1rios famosos com a chegada de mais membros na fam\u00edlia. Cardi B, por exemplo, deu as boas-vindas ao seu quarto filho, o primeiro do relacionamento com o namorado Stefon Diggs. A informa\u00e7\u00e3o foi confirmada por um representante da cantora \u00e0 revista People, que afirmou que mam\u00e3e e beb\u00ea est\u00e3o bem.<\/p>\n<p>Atrav\u00e9s das redes sociais, Cardi tamb\u00e9m falou sobre o nascimento do beb\u00ea &#8211; de forma discreta &#8211; em uma publica\u00e7\u00e3o sobre seu mais novo trabalho na m\u00fasica. Leia:<\/p>\n<p>&#8220;Minha vida sempre foi uma combina\u00e7\u00e3o de cap\u00edtulos diferentes e esta\u00e7\u00f5es diferentes. Meu \u00faltimo cap\u00edtulo foi o in\u00edcio de uma nova temporada. Recome\u00e7ar nunca \u00e9 f\u00e1cil, mas valeu muito a pena! Eu trouxe nova m\u00fasica e um novo \u00e1lbum para o mundo! Um novo beb\u00ea no meu mundo, e uma raz\u00e3o a mais para ser a minha melhor vers\u00e3o, uma raz\u00e3o a mais para me amarem acima de tudo ou qualquer outra pessoa para que eu possa continuar a dar aos meus beb\u00eas, o amor e a vida que eles merecem. Este pr\u00f3ximo cap\u00edtulo \u00e9 Eu vs. Eu! Sou eu contra todas as probabilidades, eu contra tudo o que \u00e9 para se meter no meu caminho. Comecei a preparar-me para a turn\u00ea, a colocar o meu corpo bem, a colocar a minha N\u00e3o h\u00e1 nada que me impe\u00e7a de vos dar a performance de uma vida! Aprendi que me curei, e estou amando a mulher que me tornei! \u00c9 o que esta pr\u00f3xima era significa para mim e estou a entrar nela melhor do que nunca.&#8221;<\/p>\n<p>Al\u00e9m do ca\u00e7ula, a cantora tamb\u00e9m \u00e9 m\u00e3e de Kulture, Wave e Blossom, do antigo casamento com o rapper Offset.<\/p>\n","protected":false},"excerpt":{"rendered":"2025 est\u00e1 marcando os cora\u00e7\u00f5es de v\u00e1rios famosos com a chegada de mais membros na fam\u00edlia. Cardi B,&hellip;\n","protected":false},"author":2,"featured_media":151872,"comment_status":"","ping_status":"","sticky":false,"template":"","format":"standard","meta":{"footnotes":""},"categories":[145],"tags":[2285,2298,32902,9284,211,210,2299,2286,2293,2297,2287,476,114,115,1062,3435,2284,82,2292,619,1133,13,2300,2288,52,987,32,33,2294,2295,2289,2290,2291,2296,32903,1456],"class_list":{"0":"post-151871","1":"post","2":"type-post","3":"status-publish","4":"format-standard","5":"has-post-thumbnail","7":"category-celebridades","8":"tag-abc","9":"tag-automoveis","10":"tag-boas-vinda","11":"tag-cardi-b","12":"tag-celebridades","13":"tag-celebrities","14":"tag-d","15":"tag-dgabc","16":"tag-diadema","17":"tag-diarinho","18":"tag-diario","19":"tag-economia","20":"tag-entertainment","21":"tag-entretenimento","22":"tag-esportes","23":"tag-filho","24":"tag-grande-abc","25":"tag-internacional","26":"tag-maua","27":"tag-nacional","28":"tag-noticia","29":"tag-noticias","30":"tag-noticias-on-line-abc","31":"tag-on-line","32":"tag-politica","33":"tag-portal","34":"tag-portugal","35":"tag-pt","36":"tag-ribeirao-pires","37":"tag-rio-grande-da-serra","38":"tag-santo-andre","39":"tag-sao-bernardo","40":"tag-sao-caetano","41":"tag-setecidades","42":"tag-stefon-diggs","43":"tag-turismo"},"share_on_mastodon":{"url":"https:\/\/pubeurope.com\/@pt\/115548983339714550","error":""},"_links":{"self":[{"href":"https:\/\/www.europesays.com\/pt\/wp-json\/wp\/v2\/posts\/151871","targetHints":{"allow":["GET"]}}],"collection":[{"href":"https:\/\/www.europesays.com\/pt\/wp-json\/wp\/v2\/posts"}],"about":[{"href":"https:\/\/www.europesays.com\/pt\/wp-json\/wp\/v2\/types\/post"}],"author":[{"embeddable":true,"href":"https:\/\/www.europesays.com\/pt\/wp-json\/wp\/v2\/users\/2"}],"replies":[{"embeddable":true,"href":"https:\/\/www.europesays.com\/pt\/wp-json\/wp\/v2\/comments?post=151871"}],"version-history":[{"count":0,"href":"https:\/\/www.europesays.com\/pt\/wp-json\/wp\/v2\/posts\/151871\/revisions"}],"wp:featuredmedia":[{"embeddable":true,"href":"https:\/\/www.europesays.com\/pt\/wp-json\/wp\/v2\/media\/151872"}],"wp:attachment":[{"href":"https:\/\/www.europesays.com\/pt\/wp-json\/wp\/v2\/media?parent=151871"}],"wp:term":[{"taxonomy":"category","embeddable":true,"href":"https:\/\/www.europesays.com\/pt\/wp-json\/wp\/v2\/categories?post=151871"},{"taxonomy":"post_tag","embeddable":true,"href":"https:\/\/www.europesays.com\/pt\/wp-json\/wp\/v2\/tags?post=151871"}],"curies":[{"name":"wp","href":"https:\/\/api.w.org\/{rel}","templated":true}]}}