{"id":151873,"date":"2025-11-14T16:27:10","date_gmt":"2025-11-14T16:27:10","guid":{"rendered":"https:\/\/www.europesays.com\/pt\/151873\/"},"modified":"2025-11-14T16:27:10","modified_gmt":"2025-11-14T16:27:10","slug":"ciumes-a-flor-da-pele-marisa-confronta-pedro-jorge-por-causa-de-marisa-susana-secret-story","status":"publish","type":"post","link":"https:\/\/www.europesays.com\/pt\/151873\/","title":{"rendered":"Ci\u00fames \u00e0 flor da pele: Marisa confronta Pedro Jorge por causa de Marisa Susana &#8211; Secret Story"},"content":{"rendered":"<p>A tens\u00e3o voltou a instalar-se no casal. Insegura com a proximidade entre Pedro Jorge e Marisa Susana, Marisa decidiu confrontar o marido sobre a situa\u00e7\u00e3o. A concorrente admitiu estar incomodada com a din\u00e2mica entre os dois e exigiu esclarecimentos. Pedro tentou minimizar o assunto, mas a conversa deixou claro que os ci\u00fames continuam a ser uma das maiores fontes de conflito dentro da casa.<\/p>\n<p><strong>Esta semana h\u00e1 cinco concorrentes em risco de abandonar a casa mais vigiada do Pa\u00eds no pr\u00f3ximo domingo.\u00a0<\/strong><\/p>\n<p>VOTE PARA SALVAR:<\/p>\n<p>ANA \u2013 761 20 20 01<br \/>ANA CRISTINA \u2013 761 20 20 02<br \/>DYLAN \u2013 761 20 20 07<br \/>LEANDRO \u2013 761 20 20 12<br \/>PEDRO &#8211; 761 20 20 18<\/p>\n<p><a href=\"https:\/\/tvi.iol.pt\/secretstory\/aominuto\" wbo-id=\"32\" rel=\"nofollow noopener\" target=\"_blank\">Acompanhe tudo o que se passa na casa mais vigiada do Pa\u00eds<\/a><\/p>\n","protected":false},"excerpt":{"rendered":"A tens\u00e3o voltou a instalar-se no casal. Insegura com a proximidade entre Pedro Jorge e Marisa Susana, Marisa&hellip;\n","protected":false},"author":2,"featured_media":151874,"comment_status":"","ping_status":"","sticky":false,"template":"","format":"standard","meta":{"footnotes":""},"categories":[142],"tags":[114,115,19033,19184,19153,19034,14646,32,33,151,19032],"class_list":{"0":"post-151873","1":"post","2":"type-post","3":"status-publish","4":"format-standard","5":"has-post-thumbnail","7":"category-tv","8":"tag-entertainment","9":"tag-entretenimento","10":"tag-galas-em-video","11":"tag-marisa","12":"tag-marisa-susana","13":"tag-melhores-momentos-casa-dos-segredos","14":"tag-pedro","15":"tag-portugal","16":"tag-pt","17":"tag-tv","18":"tag-videos-secret-story-tvi"},"share_on_mastodon":{"url":"https:\/\/pubeurope.com\/@pt\/115548995329046739","error":""},"_links":{"self":[{"href":"https:\/\/www.europesays.com\/pt\/wp-json\/wp\/v2\/posts\/151873","targetHints":{"allow":["GET"]}}],"collection":[{"href":"https:\/\/www.europesays.com\/pt\/wp-json\/wp\/v2\/posts"}],"about":[{"href":"https:\/\/www.europesays.com\/pt\/wp-json\/wp\/v2\/types\/post"}],"author":[{"embeddable":true,"href":"https:\/\/www.europesays.com\/pt\/wp-json\/wp\/v2\/users\/2"}],"replies":[{"embeddable":true,"href":"https:\/\/www.europesays.com\/pt\/wp-json\/wp\/v2\/comments?post=151873"}],"version-history":[{"count":0,"href":"https:\/\/www.europesays.com\/pt\/wp-json\/wp\/v2\/posts\/151873\/revisions"}],"wp:featuredmedia":[{"embeddable":true,"href":"https:\/\/www.europesays.com\/pt\/wp-json\/wp\/v2\/media\/151874"}],"wp:attachment":[{"href":"https:\/\/www.europesays.com\/pt\/wp-json\/wp\/v2\/media?parent=151873"}],"wp:term":[{"taxonomy":"category","embeddable":true,"href":"https:\/\/www.europesays.com\/pt\/wp-json\/wp\/v2\/categories?post=151873"},{"taxonomy":"post_tag","embeddable":true,"href":"https:\/\/www.europesays.com\/pt\/wp-json\/wp\/v2\/tags?post=151873"}],"curies":[{"name":"wp","href":"https:\/\/api.w.org\/{rel}","templated":true}]}}