{"id":151877,"date":"2025-11-14T16:29:15","date_gmt":"2025-11-14T16:29:15","guid":{"rendered":"https:\/\/www.europesays.com\/pt\/151877\/"},"modified":"2025-11-14T16:29:15","modified_gmt":"2025-11-14T16:29:15","slug":"luta-pela-sobrevivencia-no-trailer-final-do-reboot-de-o-sobrevivente-confira","status":"publish","type":"post","link":"https:\/\/www.europesays.com\/pt\/151877\/","title":{"rendered":"Luta pela sobreviv\u00eancia no trailer FINAL do reboot de &#8216;O Sobrevivente&#8217;; Confira!"},"content":{"rendered":"<p>A <strong>Paramount Pictures<\/strong> divulgou o trailer final de \u2018<strong>O Sobrevivente<\/strong>\u2018 (The Running Man), reboot estrelado por <strong>Glen Powell<\/strong> (\u2018Todos Menos Voc\u00ea\u2019).<\/p>\n<p>O longa ser\u00e1 lan\u00e7ado nos cinemas nacionais no <strong>dia 20 de novembro<\/strong>.<\/p>\n<p>Confira e siga o <a href=\"https:\/\/www.youtube.com\/cinepop?sub_confirmation=1\" target=\"_blank\" rel=\"noopener nofollow\"><strong>CinePOP no Youtube<\/strong><\/a>:<\/p>\n<p>A trama \u00e9 ambientada em uma Am\u00e9rica dist\u00f3pica em 2025 e gira em torno de Ben Richards, um homem desesperado que participa de um reality show violento chamado O Sobrevivente, para ganhar dinheiro e salvar sua filha gravemente doente.<\/p>\n<p><a href=\"https:\/\/cinepop.com.br\/o-sobrevivente-glen-powell-revela-que-precisou-da-aprovacao-de-stephen-king-para-protagonizar-o-filme-699335\/\" rel=\"nofollow noopener\" target=\"_blank\">\u2018O Sobrevivente\u2019: Glen Powell revela que precisou da aprova\u00e7\u00e3o de Stephen King para protagonizar o filme<\/a><\/p>\n<p>\u00a0<\/p>\n<p>A dire\u00e7\u00e3o fica a cargo de <strong>Edgar Wright <\/strong>(\u2018Baby Driver \u2013 Em Ritmo de Fuga\u2019), que escreveu o roteiro em parceria com <strong>Michael Bacall<\/strong>, seu colaborador em \u2018<strong>Scott Pilgrim Contra o Mundo<\/strong>\u2018.<\/p>\n<p>O elenco ainda conta com <strong>Josh Brolin<\/strong>, <strong>Karl Glusman<\/strong>, <strong>Katy O\u2019Brian<\/strong>, <strong>Colman Domingo<\/strong>, <strong>William H. Macy<\/strong>, <strong>Daniel Ezra<\/strong>, <strong>Lee Pace<\/strong>, <strong>Jayme Lawson<\/strong>, <strong>Michael Cera<\/strong> e <strong>Emilia Jones<\/strong>.<\/p>\n","protected":false},"excerpt":{"rendered":"A Paramount Pictures divulgou o trailer final de \u2018O Sobrevivente\u2018 (The Running Man), reboot estrelado por Glen Powell&hellip;\n","protected":false},"author":2,"featured_media":151878,"comment_status":"","ping_status":"","sticky":false,"template":"","format":"standard","meta":{"footnotes":""},"categories":[140],"tags":[17291,17292,17293,17294,16254,114,115,147,148,13090,17295,17296,17297,17298,17299,17300,17301,146,17302,17303,15006,32,33,17304,17305],"class_list":{"0":"post-151877","1":"post","2":"type-post","3":"status-publish","4":"format-standard","5":"has-post-thumbnail","7":"category-filmes","8":"tag-arnold-schwarzeneggar","9":"tag-colman-domingo","10":"tag-daniel-ezra","11":"tag-edgar-wright","12":"tag-emilia-jones","13":"tag-entertainment","14":"tag-entretenimento","15":"tag-film","16":"tag-filmes","17":"tag-glen-powell","18":"tag-jayme-lawson","19":"tag-josh-brolin","20":"tag-karl-glusman","21":"tag-katy-obrian","22":"tag-lee-pace","23":"tag-michael-bacall","24":"tag-michael-cera","25":"tag-movies","26":"tag-o-concorrente","27":"tag-o-sobrevivente","28":"tag-paramount-pictures","29":"tag-portugal","30":"tag-pt","31":"tag-the-running-man","32":"tag-william-h-macy"},"share_on_mastodon":{"url":"https:\/\/pubeurope.com\/@pt\/115549003009686913","error":""},"_links":{"self":[{"href":"https:\/\/www.europesays.com\/pt\/wp-json\/wp\/v2\/posts\/151877","targetHints":{"allow":["GET"]}}],"collection":[{"href":"https:\/\/www.europesays.com\/pt\/wp-json\/wp\/v2\/posts"}],"about":[{"href":"https:\/\/www.europesays.com\/pt\/wp-json\/wp\/v2\/types\/post"}],"author":[{"embeddable":true,"href":"https:\/\/www.europesays.com\/pt\/wp-json\/wp\/v2\/users\/2"}],"replies":[{"embeddable":true,"href":"https:\/\/www.europesays.com\/pt\/wp-json\/wp\/v2\/comments?post=151877"}],"version-history":[{"count":0,"href":"https:\/\/www.europesays.com\/pt\/wp-json\/wp\/v2\/posts\/151877\/revisions"}],"wp:featuredmedia":[{"embeddable":true,"href":"https:\/\/www.europesays.com\/pt\/wp-json\/wp\/v2\/media\/151878"}],"wp:attachment":[{"href":"https:\/\/www.europesays.com\/pt\/wp-json\/wp\/v2\/media?parent=151877"}],"wp:term":[{"taxonomy":"category","embeddable":true,"href":"https:\/\/www.europesays.com\/pt\/wp-json\/wp\/v2\/categories?post=151877"},{"taxonomy":"post_tag","embeddable":true,"href":"https:\/\/www.europesays.com\/pt\/wp-json\/wp\/v2\/tags?post=151877"}],"curies":[{"name":"wp","href":"https:\/\/api.w.org\/{rel}","templated":true}]}}