{"id":151879,"date":"2025-11-14T16:32:20","date_gmt":"2025-11-14T16:32:20","guid":{"rendered":"https:\/\/www.europesays.com\/pt\/151879\/"},"modified":"2025-11-14T16:32:20","modified_gmt":"2025-11-14T16:32:20","slug":"pai-da-web-avisa-que-ainda-ha-tempo-para-fazer-reset-observador","status":"publish","type":"post","link":"https:\/\/www.europesays.com\/pt\/151879\/","title":{"rendered":"Pai da web avisa que ainda h\u00e1 tempo para fazer &#8220;reset&#8221; \u2013 Observador"},"content":{"rendered":"<p>Tim Berners-Lee, o inventor da World Wide Web, defende que ainda h\u00e1 tempo para fazer um \u201creset\u201d \u00e0 sua inven\u00e7\u00e3o, lan\u00e7ada em 1989. O \u201cpai da web\u201d, como \u00e9 conhecido, \u00e9 uma presen\u00e7a habitual na Web Summit, com interven\u00e7\u00f5es em que habitualmente aponta as fragilidades do mundo online.<\/p>\n<p>\u201cSe se inventa alguma coisa, ent\u00e3o tem de se garantir que serve a Humanidade. \u00c9 muito esse o trabalho da Web Foundation, para garantir que a web serve a Humanidade\u201d, declarou esta quinta-feira, na derradeira sess\u00e3o no palco principal da Web Summit 2025.<\/p>\n<p>Tamb\u00e9m abordou o tema mais falado do evento: a intelig\u00eancia artificial (IA). Reconheceu que muita coisa \u201cmudou nos \u00faltimos 12 meses\u201d \u2014 Berners-Lee tamb\u00e9m esteve\u00a0na edi\u00e7\u00e3o de 2024 em Lisboa \u2014 incluindo na \u00e1rea dos modelos de linguagem de larga escala (LLM). Para Berners-Lee, \u201co bom e o mau podem ser feitos com a mesma tecnologia\u201d. Destacou que \u201c\u00e9 preciso um equil\u00edbrio entre o bem com os perigos.\u201d<\/p>\n<p>\u201cSe as pessoas usam a web para coisas horr\u00edveis, como spam, esquemas, fraude isso \u00e9 para a pol\u00edcia responder. N\u00e3o \u00e9 um problema da web em si\u201d, exemplificou.<\/p>\n<p>Voltando ao caso da intelig\u00eancia artificial, considerou que \u201cn\u00e3o estamos a ver colabora\u00e7\u00e3o\u201d nesse setor que possa vir a gerar benef\u00edcio. \u201cS\u00f3 estamos a ver as grandes empresas a concorrerem umas com as outras, a correr de forma cega porque consideram que chegar a algum lado antes das outras \u00e9 a quest\u00e3o mais importante, e n\u00e3o a coordena\u00e7\u00e3o sobre aquilo que querem desenvolver.\u201d<\/p>\n","protected":false},"excerpt":{"rendered":"Tim Berners-Lee, o inventor da World Wide Web, defende que ainda h\u00e1 tempo para fazer um \u201creset\u201d \u00e0&hellip;\n","protected":false},"author":2,"featured_media":151880,"comment_status":"","ping_status":"","sticky":false,"template":"","format":"standard","meta":{"footnotes":""},"categories":[85],"tags":[114,115,549,797,57,32,33,58,110,18123],"class_list":{"0":"post-151879","1":"post","2":"type-post","3":"status-publish","4":"format-standard","5":"has-post-thumbnail","7":"category-entretenimento","8":"tag-entertainment","9":"tag-entretenimento","10":"tag-internet","11":"tag-lisboa","12":"tag-pau00eds","13":"tag-portugal","14":"tag-pt","15":"tag-sociedade","16":"tag-tecnologia","17":"tag-web-summit"},"share_on_mastodon":{"url":"https:\/\/pubeurope.com\/@pt\/115549015007366985","error":""},"_links":{"self":[{"href":"https:\/\/www.europesays.com\/pt\/wp-json\/wp\/v2\/posts\/151879","targetHints":{"allow":["GET"]}}],"collection":[{"href":"https:\/\/www.europesays.com\/pt\/wp-json\/wp\/v2\/posts"}],"about":[{"href":"https:\/\/www.europesays.com\/pt\/wp-json\/wp\/v2\/types\/post"}],"author":[{"embeddable":true,"href":"https:\/\/www.europesays.com\/pt\/wp-json\/wp\/v2\/users\/2"}],"replies":[{"embeddable":true,"href":"https:\/\/www.europesays.com\/pt\/wp-json\/wp\/v2\/comments?post=151879"}],"version-history":[{"count":0,"href":"https:\/\/www.europesays.com\/pt\/wp-json\/wp\/v2\/posts\/151879\/revisions"}],"wp:featuredmedia":[{"embeddable":true,"href":"https:\/\/www.europesays.com\/pt\/wp-json\/wp\/v2\/media\/151880"}],"wp:attachment":[{"href":"https:\/\/www.europesays.com\/pt\/wp-json\/wp\/v2\/media?parent=151879"}],"wp:term":[{"taxonomy":"category","embeddable":true,"href":"https:\/\/www.europesays.com\/pt\/wp-json\/wp\/v2\/categories?post=151879"},{"taxonomy":"post_tag","embeddable":true,"href":"https:\/\/www.europesays.com\/pt\/wp-json\/wp\/v2\/tags?post=151879"}],"curies":[{"name":"wp","href":"https:\/\/api.w.org\/{rel}","templated":true}]}}