{"id":151885,"date":"2025-11-14T16:37:30","date_gmt":"2025-11-14T16:37:30","guid":{"rendered":"https:\/\/www.europesays.com\/pt\/151885\/"},"modified":"2025-11-14T16:37:30","modified_gmt":"2025-11-14T16:37:30","slug":"moedas-teve-uma-derrota-logo-apos-a-tomada-de-posse","status":"publish","type":"post","link":"https:\/\/www.europesays.com\/pt\/151885\/","title":{"rendered":"Moedas teve uma derrota logo ap\u00f3s a tomada de posse"},"content":{"rendered":"<p class=\"wp-caption-text top\">Ant\u00f3nio Cotrim \/ LUSA<\/p>\n<p><img decoding=\"async\" loading=\"lazy\" class=\"size-kopa-image-size-3 wp-image-711166\" src=\"https:\/\/www.europesays.com\/pt\/wp-content\/uploads\/2025\/11\/571b8190757c14d996f73d4dfca61df2-783x450.jpg\" alt=\"\" width=\"700\" height=\"402\"  \/><\/p>\n<p class=\"wp-caption-text bot\">O presidente da C\u00e2mara Municipal de Lisboa, Carlos Moedas<\/p>\n<p><strong>Passos Coelho e Cavaco Silva ouviram a promessa de uma capital mundial da Justi\u00e7a Social, da Inova\u00e7\u00e3o e da Cultura.<\/strong><\/p>\n<p>Um <strong>Carlos Moedas<\/strong> na primeira fila, sorridente, praticamente ao lado de uma <strong>Alexandra Leit\u00e3o,<\/strong> menos sorridente.<\/p>\n<p>Assim apareceram os dois principais candidatos \u00e0 C\u00e2mara Municipal de Lisboa na <strong>tomada de posse<\/strong> do vencedor Moedas.<\/p>\n<p>A cerim\u00f3nia decorreu nesta segunda-feira e o presidente reeleito feal\u00e7ou que os lisboetas lhe deram \u201cuma clara vit\u00f3ria eleitoral\u201d no dia 12 de outubro e refor\u00e7aram a confian\u00e7a no seu projeto pol\u00edtico e social, sublinhando que a sua fun\u00e7\u00e3o \u00e9 governar a cidade \u201cpelo bem comum\u201d.<\/p>\n<p>O autarca assumiu a ambi\u00e7\u00e3o de tornar a cidade a<strong> capital mundial da Justi\u00e7a Social, da Inova\u00e7\u00e3o e da Cultura<\/strong>. \u201cPorque n\u00f3s n\u00e3o temos medo de sonhar, s\u00f3 temos medo de que os nossos sonhos sejam pequenos demais. E \u00e9 esse sonho, que deve ser n\u00e3o s\u00f3 para Lisboa, mas para toda a nossa \u00c1rea Metropolitana\u201d, declarou Carlos Moedas, no seu discurso na cerim\u00f3nia de tomada de posse, que ocorreu na Gare Mar\u00edtima de Alc\u00e2ntara.<\/p>\n<p>Carlos Moedas assegurou que est\u00e1<strong> aberto ao di\u00e1logo, a compromissos com outros partidos<\/strong>: \u201cUns, como eu, f\u00e1-lo-\u00e3o governando. Outros o far\u00e3o exercendo as fun\u00e7\u00f5es de oposi\u00e7\u00e3o. \u00c9 assim a natureza da democracia e tamb\u00e9m a sua riqueza. [\u2026] O pior que podemos fazer \u00e0 democracia seria impor-lhe as nossas idiossincrasias e tal vale para quem governa, como para quem est\u00e1 na oposi\u00e7\u00e3o. Quem exerce o governo deve governar, dialogando e encontrando compromissos. E quem exerce a oposi\u00e7\u00e3o deve deixar governar, fiscalizando a a\u00e7\u00e3o de quem governa\u201d.<\/p>\n<p>Considerando que \u201cn\u00e3o haveria democracia que funcione sem essa estabilidade\u201d, Carlos Moedas disse que ter\u00e1 \u201ca abertura ao di\u00e1logo e ao compromisso para cumprir a vontade das pessoas, n\u00e3o as vontades partid\u00e1rias\u201d.<\/p>\n<p>Vai ser dif\u00edcil<\/p>\n<p>Mas essa abertura n\u00e3o ser\u00e1 f\u00e1cil, avisou <strong>Alexandra Leit\u00e3o.<\/strong><\/p>\n<p>\u201cEm princ\u00edpio, e n\u00e3o me estando a vincular a nada, porque temos tamb\u00e9m que conversar, temos que ver, mas em princ\u00edpio eu diria que <strong>ser\u00e1 dif\u00edcil viabilizarmos or\u00e7amentos<\/strong> deste executivo\u201d, disse a candidata do PS, ainda antes da cerim\u00f3nia.<\/p>\n<p>Liderando a verea\u00e7\u00e3o socialista no executivo municipal de Lisboa, Alexandra Leit\u00e3o refor\u00e7ou que o PS vai ser \u201cuma oposi\u00e7\u00e3o rigorosa, muito exigente, leal, como sempre\u201d.<\/p>\n<p>Presidente da Assembleia \u00e9 PS<\/p>\n<p>E Moedas j\u00e1 teve a primeira <strong>derrota,<\/strong> logo a seguir \u00e0 tomada de posse: <strong>o presidente da Assembleia Municipal de Lisboa \u00e9 do PS.<\/strong><\/p>\n<p>O eleito foi <strong>Andr\u00e9 Moz Caldas<\/strong> (PS\/Livre\/BE\/PAN) que conseguiu os votos dos deputados da sua coliga\u00e7\u00e3o e do PCP \u2013 mas tamb\u00e9m de<strong> algu\u00e9m da direita<\/strong>. Foram 37 votos contra 31; a coliga\u00e7\u00e3o PSD\/CDS\/IL teria 32 votos \u00e0 partida.<\/p>\n<p>O voto \u00e9 secreto, claro, por isso n\u00e3o se sabe se foram deputados do Chega ou da pr\u00f3pria coliga\u00e7\u00e3o PSD\/CDS\/IL que preferiram o nome do PS \u2013 ou a absten\u00e7\u00e3o, ou voto nulo \u2013 em vez de <strong>Margarida Mano<\/strong> (PSD), que foi ministra da Educa\u00e7\u00e3o durante um m\u00eas, no famoso Governo curto de Passos Coelho antes de ser assinada a \u201cgeringon\u00e7a\u201d.<\/p>\n<p>Cavaco e Passos (l\u00e1 atr\u00e1s)<\/p>\n<p>Entre diversas personalidades, n\u00e3o s\u00f3 da pol\u00edtica, que estiveram presentes na tomada de posse, destacavam-se<strong> An\u00edbal Cavaco Silva e Pedro Passos Coelho<\/strong>.<\/p>\n<p>Mas aqui houve um momento visual que se destacou, na transmiss\u00e3o televisiva: <strong>Passos Coelho estava l\u00e1 atr\u00e1s, de p\u00e9<\/strong>, aparentemente longe da primeira fila.<\/p>\n<p>\u201cEra interessante saber se Pedro Passos Coelho <strong>ocupou o lugar que lhe estava destinado. N\u00e3o me parece que tenha sido uma quest\u00e3o de ter chegado atrasado<\/strong>\u201d, sugere o comentador Miguel Santos Carrapatoso, na r\u00e1dio <a href=\"https:\/\/observador.pt\/programas\/e-o-vencedor-e\/chega-o-partido-sem-filtros-ou-limites\/\" data-wpel-link=\"external\" target=\"_blank\" rel=\"nofollow external noopener noreferrer\" class=\"ext-link\">Observador<\/a>.<\/p>\n<p>Ali\u00e1s, por regra, nestas situa\u00e7\u00f5es de atraso, o protocolo dita que algum organizador indique ao convidado que h\u00e1 uma cadeira dispon\u00edvel l\u00e1 \u00e0 frente. N\u00e3o aconteceu, aparentemente.<\/p>\n<p>A <strong>rela\u00e7\u00e3o<\/strong> entre Carlos Moedas e Pedro Passos Coelho n\u00e3o \u00e9 propriamente a mais pr\u00f3xima \u2013 embora Moedas tenha sido secret\u00e1rio de Estado Adjunto do ent\u00e3o primeiro-ministro.<\/p>\n<p>Na recente campanha para as elei\u00e7\u00f5es aut\u00e1rquicas, Passos Coelho apareceu ao lado de Marco Almeida (Sintra) ou de Suzana Garcia (Amadora). Mas n\u00e3o apareceu publicamente a apoiar Moedas; limitou a desejar-lhe \u201cboa sorte\u201d, ao longe.<\/p>\n<p>    <a href=\"https:\/\/zap.aeiou.pt\/subscrever-newsletter\" data-wpel-link=\"internal\" rel=\"nofollow noopener\" target=\"_blank\">&#13;<br \/>\n        <img loading=\"lazy\" decoding=\"async\" class=\"aligncenter size-full wp-image-575475\" src=\"https:\/\/www.europesays.com\/pt\/wp-content\/uploads\/2025\/11\/2d51fe4a0ba54894421ead1809309ed9-1-450x140.jpg\" alt=\"Subscreva a Newsletter ZAP\" width=\"450\" height=\"140\"\/>&#13;<br \/>\n    <\/a><\/p>\n<p>                <a href=\"https:\/\/whatsapp.com\/channel\/0029VaIC4EE2f3EJZPPSbR34\" data-wpel-link=\"external\" target=\"_blank\" rel=\"nofollow external noopener noreferrer\" class=\"ext-link\">&#13;<br \/>\n                    <img loading=\"lazy\" decoding=\"async\" class=\"aligncenter size-full wp-image-575475\" src=\"https:\/\/www.europesays.com\/pt\/wp-content\/uploads\/2025\/11\/c68c559d956d4ca20f435ed74a6e71e6.png\" alt=\"Siga-nos no WhatsApp\" width=\"175\" height=\"64\"\/>&#13;<br \/>\n                <\/a><\/p>\n<p>                <a href=\"https:\/\/news.google.com\/publications\/CAAiEHRwZondIV71PDjWNoqMduEqFAgKIhB0cGaJ3SFe9Tw41jaKjHbh?hl=en-US&amp;gl=US&amp;ceid=US%3Aen\" data-wpel-link=\"external\" target=\"_blank\" rel=\"nofollow external noopener noreferrer\" class=\"ext-link\">&#13;<br \/>\n                    <img loading=\"lazy\" decoding=\"async\" class=\"aligncenter size-full wp-image-575475\" src=\"https:\/\/www.europesays.com\/pt\/wp-content\/uploads\/2025\/11\/5123dd8b087b644fdb8f8603acd1bad4.png\" alt=\"Siga-nos no Google News\" width=\"176\" height=\"64\"\/>&#13;<br \/>\n                <\/a><\/p>\n","protected":false},"excerpt":{"rendered":"Ant\u00f3nio Cotrim \/ LUSA O presidente da C\u00e2mara Municipal de Lisboa, Carlos Moedas Passos Coelho e Cavaco Silva&hellip;\n","protected":false},"author":2,"featured_media":151886,"comment_status":"","ping_status":"","sticky":false,"template":"","format":"standard","meta":{"footnotes":""},"categories":[10],"tags":[15187,27,28,269,3766,15,16,14,25,26,797,21,22,12,13,19,20,31047,52,32,23,24,33,17,18,29,30,31],"class_list":{"0":"post-151885","1":"post","2":"type-post","3":"status-publish","4":"format-standard","5":"has-post-thumbnail","7":"category-portugal","8":"tag-autarquicas","9":"tag-breaking-news","10":"tag-breakingnews","11":"tag-capa","12":"tag-carlos-moedas","13":"tag-featured-news","14":"tag-featurednews","15":"tag-headlines","16":"tag-latest-news","17":"tag-latestnews","18":"tag-lisboa","19":"tag-main-news","20":"tag-mainnews","21":"tag-news","22":"tag-noticias","23":"tag-noticias-principais","24":"tag-noticiasprincipais","25":"tag-passos-coelho","26":"tag-politica","27":"tag-portugal","28":"tag-principais-noticias","29":"tag-principaisnoticias","30":"tag-pt","31":"tag-top-stories","32":"tag-topstories","33":"tag-ultimas","34":"tag-ultimas-noticias","35":"tag-ultimasnoticias"},"share_on_mastodon":{"url":"https:\/\/pubeurope.com\/@pt\/115549034650733421","error":""},"_links":{"self":[{"href":"https:\/\/www.europesays.com\/pt\/wp-json\/wp\/v2\/posts\/151885","targetHints":{"allow":["GET"]}}],"collection":[{"href":"https:\/\/www.europesays.com\/pt\/wp-json\/wp\/v2\/posts"}],"about":[{"href":"https:\/\/www.europesays.com\/pt\/wp-json\/wp\/v2\/types\/post"}],"author":[{"embeddable":true,"href":"https:\/\/www.europesays.com\/pt\/wp-json\/wp\/v2\/users\/2"}],"replies":[{"embeddable":true,"href":"https:\/\/www.europesays.com\/pt\/wp-json\/wp\/v2\/comments?post=151885"}],"version-history":[{"count":0,"href":"https:\/\/www.europesays.com\/pt\/wp-json\/wp\/v2\/posts\/151885\/revisions"}],"wp:featuredmedia":[{"embeddable":true,"href":"https:\/\/www.europesays.com\/pt\/wp-json\/wp\/v2\/media\/151886"}],"wp:attachment":[{"href":"https:\/\/www.europesays.com\/pt\/wp-json\/wp\/v2\/media?parent=151885"}],"wp:term":[{"taxonomy":"category","embeddable":true,"href":"https:\/\/www.europesays.com\/pt\/wp-json\/wp\/v2\/categories?post=151885"},{"taxonomy":"post_tag","embeddable":true,"href":"https:\/\/www.europesays.com\/pt\/wp-json\/wp\/v2\/tags?post=151885"}],"curies":[{"name":"wp","href":"https:\/\/api.w.org\/{rel}","templated":true}]}}