{"id":151889,"date":"2025-11-14T16:49:34","date_gmt":"2025-11-14T16:49:34","guid":{"rendered":"https:\/\/www.europesays.com\/pt\/151889\/"},"modified":"2025-11-14T16:49:34","modified_gmt":"2025-11-14T16:49:34","slug":"rapper-akon-e-preso-nos-estados-unidos-diz-site","status":"publish","type":"post","link":"https:\/\/www.europesays.com\/pt\/151889\/","title":{"rendered":"Rapper Akon \u00e9 preso nos Estados Unidos, diz site"},"content":{"rendered":"<p>\n            O astro, que ficou famoso com sucessos como &#8220;Smack That&#8221; e &#8220;Lonely&#8221;, ainda n\u00e3o se pronunciou sobre o epis\u00f3dio\n        <\/p>\n<p>\n                        Por <strong>Folhapress<\/strong> em 12 de novembro, 2025 as 15h52.\n        <\/p>\n<p>Akon, 51, foi preso na \u00faltima quinta-feira (6) no estado da Ge\u00f3rgia, nos Estados Unidos.<\/p>\n<p><img fetchpriority=\"high\" decoding=\"async\" width=\"960\" height=\"540\" src=\"https:\/\/www.europesays.com\/pt\/wp-content\/uploads\/2025\/11\/rapper-akon-preso-eua-960x540.jpg\" alt=\"rapper-akon-preso-eua\" class=\"wp-image-1806145\"  \/>Imagem: YouTube Akon.,<\/p>\n<p>De acordo com informa\u00e7\u00f5es divulgadas pelo TMZ, o artista foi detido no condado de DeKalb pelo Departamento de Pol\u00edcia de Chamblee. As autoridades confirmaram ao site americano que a pris\u00e3o ocorreu em cumprimento a um mandado emitido por outro estado, embora o motivo n\u00e3o tenha sido revelado.<\/p>\n<p>Akon foi levado \u00e0 unidade prisional local, onde permaneceu sob cust\u00f3dia por cerca de seis horas antes de ser liberado. O rapper, cujo nome verdadeiro \u00e9 Aliaune Thiam, chegou a ser fotografado para a ficha policial.<\/p>\n<p>O astro, que ficou famoso no in\u00edcio dos anos 2000 com sucessos como \u201cSmack That\u201d e \u201cLonely\u201d, ainda n\u00e3o se pronunciou publicamente sobre o epis\u00f3dio.<\/p>\n","protected":false},"excerpt":{"rendered":"O astro, que ficou famoso com sucessos como &#8220;Smack That&#8221; e &#8220;Lonely&#8221;, ainda n\u00e3o se pronunciou sobre o&hellip;\n","protected":false},"author":2,"featured_media":151890,"comment_status":"","ping_status":"","sticky":false,"template":"","format":"standard","meta":{"footnotes":""},"categories":[141],"tags":[114,115,149,150,32,33],"class_list":{"0":"post-151889","1":"post","2":"type-post","3":"status-publish","4":"format-standard","5":"has-post-thumbnail","7":"category-musica","8":"tag-entertainment","9":"tag-entretenimento","10":"tag-music","11":"tag-musica","12":"tag-portugal","13":"tag-pt"},"share_on_mastodon":{"url":"https:\/\/pubeurope.com\/@pt\/115549081917563353","error":""},"_links":{"self":[{"href":"https:\/\/www.europesays.com\/pt\/wp-json\/wp\/v2\/posts\/151889","targetHints":{"allow":["GET"]}}],"collection":[{"href":"https:\/\/www.europesays.com\/pt\/wp-json\/wp\/v2\/posts"}],"about":[{"href":"https:\/\/www.europesays.com\/pt\/wp-json\/wp\/v2\/types\/post"}],"author":[{"embeddable":true,"href":"https:\/\/www.europesays.com\/pt\/wp-json\/wp\/v2\/users\/2"}],"replies":[{"embeddable":true,"href":"https:\/\/www.europesays.com\/pt\/wp-json\/wp\/v2\/comments?post=151889"}],"version-history":[{"count":0,"href":"https:\/\/www.europesays.com\/pt\/wp-json\/wp\/v2\/posts\/151889\/revisions"}],"wp:featuredmedia":[{"embeddable":true,"href":"https:\/\/www.europesays.com\/pt\/wp-json\/wp\/v2\/media\/151890"}],"wp:attachment":[{"href":"https:\/\/www.europesays.com\/pt\/wp-json\/wp\/v2\/media?parent=151889"}],"wp:term":[{"taxonomy":"category","embeddable":true,"href":"https:\/\/www.europesays.com\/pt\/wp-json\/wp\/v2\/categories?post=151889"},{"taxonomy":"post_tag","embeddable":true,"href":"https:\/\/www.europesays.com\/pt\/wp-json\/wp\/v2\/tags?post=151889"}],"curies":[{"name":"wp","href":"https:\/\/api.w.org\/{rel}","templated":true}]}}