{"id":151906,"date":"2025-11-14T17:08:13","date_gmt":"2025-11-14T17:08:13","guid":{"rendered":"https:\/\/www.europesays.com\/pt\/151906\/"},"modified":"2025-11-14T17:08:13","modified_gmt":"2025-11-14T17:08:13","slug":"enfermeiras-na-fila-da-casa-de-banho-salvaram-a-vida-de-iran-costa-apos-enfarte","status":"publish","type":"post","link":"https:\/\/www.europesays.com\/pt\/151906\/","title":{"rendered":"Enfermeiras na fila da casa de banho salvaram a vida de Iran Costa ap\u00f3s enfarte"},"content":{"rendered":"<p data-remotead-prev-elm=\"true\" data-remotead-elm-id=\"inread\">Dois meses depois do enfarte do mioc\u00e1rdio que sofreu no Monsantos Open Air, em Lisboa, Iran Costa revelou novos pormenores sobre o susto que quase lhe tirou a vida. O cantor, de cinquenta e nove anos, esteve no programa &#8220;Dois \u00e0s 10, da TVI&#8221;, onde descreveu como duas enfermeiras que estavam na fila para a casa de banho ajudaram a reanim\u00e1-lo no camarim, logo ap\u00f3s o concerto.<\/p>\n<p>Sentado em est\u00fadio, o m\u00fasico recordou a noite em que tudo aconteceu. Tinha acabado de atuar no evento &#8220;Revenge of the 90&#8217;s&#8221; e estava a conversar com Adelaide Ferreira e com o palha\u00e7o Batatinha quando come\u00e7ou a sentir tonturas. Disse que achava tratar-se de uma quebra de tens\u00e3o e, instantes depois, perdeu os sentidos. Segundo relatou, a sensa\u00e7\u00e3o foi a de que algu\u00e9m apagou as luzes, quando eram cerca de 22.30 horas.<\/p>\n<p>&#8220;Passei para o lado de l\u00e1 e voltei&#8221;<\/p>\n<p>Ao acordar no hospital, na manh\u00e3 seguinte, ouviu vozes a repetir que ele tinha voltado. Disse que sentiu que renasceu. &#8220;Passei para o lado de l\u00e1 e voltei&#8221;, contou, ainda emocionado com a mem\u00f3ria do que viveu. Iran Costa sublinhou que mesmo os m\u00e9dicos ficaram surpreendidos com o epis\u00f3dio, j\u00e1 que n\u00e3o tem antecedentes familiares, n\u00e3o fuma, n\u00e3o bebe \u00e1lcool, n\u00e3o usa drogas e estava a cuidar da alimenta\u00e7\u00e3o e da forma f\u00edsica nos \u00faltimos meses.<\/p>\n<p data-remotead-prev-elm=\"true\" data-remotead-elm-id=\"centro1\">O que se passou no camarim acabou por ser determinante para a sobreviv\u00eancia. Ao lado, na fila da casa de banho, estavam duas jovens que se identificaram como enfermeiras e que iniciaram imediatamente os procedimentos de reanima\u00e7\u00e3o. Um rapaz que se encontrava no local tamb\u00e9m ajudou. As manobras prolongaram-se durante oito minutos, sem interrup\u00e7\u00f5es. &#8220;Foram anjos enviados para me salvar, eu acredito&#8221;, afirmou o cantor.<\/p>\n<p>Mais tarde, os m\u00e9dicos explicaram-lhe que aquela interven\u00e7\u00e3o imediata foi essencial. Disseram-lhe ainda que tinha uma d\u00edvida de gratid\u00e3o para com essas pessoas, porque nada foi deixado ao acaso nos minutos antes de chegar ajuda m\u00e9dica especializada.<\/p>\n<p>Iran Costa revelou que j\u00e1 tem o contacto de uma das enfermeiras e que pretende reencontr\u00e1-las assim que poss\u00edvel. Quer agradecer-lhes pessoalmente e dar-lhes um abra\u00e7o. Ainda em recupera\u00e7\u00e3o e sem data para voltar aos palcos, o cantor est\u00e1 a trabalhar em est\u00fadio e promete lan\u00e7ar novidades musicais em breve.<\/p>\n","protected":false},"excerpt":{"rendered":"Dois meses depois do enfarte do mioc\u00e1rdio que sofreu no Monsantos Open Air, em Lisboa, Iran Costa revelou&hellip;\n","protected":false},"author":2,"featured_media":151907,"comment_status":"","ping_status":"","sticky":false,"template":"","format":"standard","meta":{"footnotes":""},"categories":[85],"tags":[21247,6452,114,115,20027,32918,32,33],"class_list":{"0":"post-151906","1":"post","2":"type-post","3":"status-publish","4":"format-standard","5":"has-post-thumbnail","7":"category-entretenimento","8":"tag-enfarte","9":"tag-enfermeira","10":"tag-entertainment","11":"tag-entretenimento","12":"tag-iran-costa","13":"tag-manobras-de-reanimacao","14":"tag-portugal","15":"tag-pt"},"share_on_mastodon":{"url":"https:\/\/pubeurope.com\/@pt\/115549156404734953","error":""},"_links":{"self":[{"href":"https:\/\/www.europesays.com\/pt\/wp-json\/wp\/v2\/posts\/151906","targetHints":{"allow":["GET"]}}],"collection":[{"href":"https:\/\/www.europesays.com\/pt\/wp-json\/wp\/v2\/posts"}],"about":[{"href":"https:\/\/www.europesays.com\/pt\/wp-json\/wp\/v2\/types\/post"}],"author":[{"embeddable":true,"href":"https:\/\/www.europesays.com\/pt\/wp-json\/wp\/v2\/users\/2"}],"replies":[{"embeddable":true,"href":"https:\/\/www.europesays.com\/pt\/wp-json\/wp\/v2\/comments?post=151906"}],"version-history":[{"count":0,"href":"https:\/\/www.europesays.com\/pt\/wp-json\/wp\/v2\/posts\/151906\/revisions"}],"wp:featuredmedia":[{"embeddable":true,"href":"https:\/\/www.europesays.com\/pt\/wp-json\/wp\/v2\/media\/151907"}],"wp:attachment":[{"href":"https:\/\/www.europesays.com\/pt\/wp-json\/wp\/v2\/media?parent=151906"}],"wp:term":[{"taxonomy":"category","embeddable":true,"href":"https:\/\/www.europesays.com\/pt\/wp-json\/wp\/v2\/categories?post=151906"},{"taxonomy":"post_tag","embeddable":true,"href":"https:\/\/www.europesays.com\/pt\/wp-json\/wp\/v2\/tags?post=151906"}],"curies":[{"name":"wp","href":"https:\/\/api.w.org\/{rel}","templated":true}]}}