{"id":151912,"date":"2025-11-14T17:13:27","date_gmt":"2025-11-14T17:13:27","guid":{"rendered":"https:\/\/www.europesays.com\/pt\/151912\/"},"modified":"2025-11-14T17:13:27","modified_gmt":"2025-11-14T17:13:27","slug":"cristina-ferreira-e-producao-suspeitam-que-dylan-revelou-demasiado-a-ines","status":"publish","type":"post","link":"https:\/\/www.europesays.com\/pt\/151912\/","title":{"rendered":"Cristina Ferreira e produ\u00e7\u00e3o suspeitam que Dylan revelou demasiado a In\u00eas"},"content":{"rendered":"<p>\t\t\t\t\t\t\t\t\t\t\t\t<a href=\"#\" onclick=\"window.open('http:\/\/www.facebook.com\/sharer.php?u=https:\/\/cusquices.com\/cristina-ferreira-e-producao-suspeitam-que-dylan-revelou-demasiado-a-ines\/&amp;t=Cristina Ferreira e produ\u00e7\u00e3o suspeitam que Dylan revelou demasiado a In\u00eas', 'facebookShare', 'width=626,height=436'); return false;\" title=\"Share on Facebook\"><\/p>\n<p>Share<\/p>\n<p><\/a><br \/>\n\t\t\t\t\t\t\t\t\t\t\t\t<a href=\"#\" onclick=\"window.open('http:\/\/twitter.com\/share?text=Cristina Ferreira e produ\u00e7\u00e3o suspeitam que Dylan revelou demasiado a In\u00eas -&amp;url=https:\/\/cusquices.com\/cristina-ferreira-e-producao-suspeitam-que-dylan-revelou-demasiado-a-ines\/', 'twitterShare', 'width=626,height=436'); return false;\" title=\"Tweet This Post\"><\/p>\n<p>Tweet<\/p>\n<p><\/a><br \/>\n\t\t\t\t\t\t\t\t\t\t\t\t<a href=\"whatsapp:\/\/send?text=Cristina Ferreira e produ\u00e7\u00e3o suspeitam que Dylan revelou demasiado a In\u00eas https:\/\/cusquices.com\/cristina-ferreira-e-producao-suspeitam-que-dylan-revelou-demasiado-a-ines\/\" rel=\"nofollow\"><\/p>\n<p>Share<\/p>\n<p><\/a><br \/>\n\t\t\t\t\t\t\t\t\t\t\t\t<a href=\"#\" onclick=\"window.open('http:\/\/pinterest.com\/pin\/create\/button\/?url=https:\/\/cusquices.com\/cristina-ferreira-e-producao-suspeitam-que-dylan-revelou-demasiado-a-ines\/&amp;media=https:\/\/cusquices.com\/wp-content\/uploads\/2025\/11\/cf-dylanines-1000x600.jpg&amp;description=Cristina Ferreira e produ\u00e7\u00e3o suspeitam que Dylan revelou demasiado a In\u00eas', 'pinterestShare', 'width=750,height=350'); return false;\" title=\"Pin This Post\"><\/p>\n<p>Share<\/p>\n<p><\/a><br \/>\n\t\t\t\t\t\t\t\t\t\t\t\t<a href=\"mailto:?subject=Cristina Ferreira e produ\u00e7\u00e3o suspeitam que Dylan revelou demasiado a In\u00eas&amp;BODY=I found this article interesting and thought of sharing it with you. Check it out: https:\/\/cusquices.com\/cristina-ferreira-e-producao-suspeitam-que-dylan-revelou-demasiado-a-ines\/\"><\/p>\n<p>Email<\/p>\n<p><\/a><br \/>\n\t\t\t\t\t\t\t\t\t\t\t\t\t\t\t\t\t\t\t\t\t\t\t\t\t\t\t\t\t\t\t\t\t\t\t\t\t\t\t\t\t\t\t\t\t\t\t\t\t\t\t\t\t<a href=\"https:\/\/cusquices.com\/cristina-ferreira-e-producao-suspeitam-que-dylan-revelou-demasiado-a-ines\/#respond\" rel=\"nofollow noopener\" target=\"_blank\"><\/p>\n<p>Cristina Ferreira suspeita que Dylan possa ter revelado o seu segredo a In\u00eas.<\/p>\n<p>Esta manh\u00e3, 14 de novembro, <strong>Cristina Ferreira <\/strong>recebeu em est\u00fadio as m\u00e3es dos concorrentes nomeados do <strong>Secret Story. <\/strong>Durante a conversa com a irm\u00e3 de <strong>Dylan<\/strong> e o facto do seu segredo ter sido desvendado por In\u00eas, a apresentadora falou tamb\u00e9m com a irm\u00e3 do concorrente e acabou por admitir que a produ\u00e7\u00e3o chegou a desconfiar que <strong>Dylan <\/strong>pudesse ter revelado demasiado a <strong>In\u00eas<\/strong>, dada a evidente proximidade entre os dois.<\/p>\n<p>\u201c<strong>Foi a In\u00eas [que revelou o segredo do Dylan], e eu ainda tenho d\u00favidas se eles n\u00e3o sussurraram aquilo debaixo do \u2026\u201d<\/strong> , come\u00e7ou por confessar Cristina Ferreira.<\/p>\n<p>A apresentadora confidenciou ainda que: \u201c<strong>A equipa tentou tudo por tudo para perceber se tinha havido ali alguma coisa. Mas h\u00e1 momentos em que n\u00e3o d\u00e1 mesmo, porque quando eles est\u00e3o a dormir dentro dos len\u00e7\u00f3is h\u00e1 detalhes que n\u00f3s n\u00e3o conseguimos perceber ou ouvir, mas foi ela que chegou a este segredo<\/strong>\u201c.<\/p>\n<p>Pode ver o <a href=\"https:\/\/tvi.iol.pt\/doisas10\/video\/tera-dylan-sussurrado-segredo-a-ines-cristina-ferreira-reage-a-equipa-tentou-tudo-por-tudo-para-perceber\/6916ff480cf2c7eb244450a7\" target=\"_blank\" rel=\"noreferrer noopener nofollow\">momento aqui.<\/a><\/p>\n<p><strong>Leia tamb\u00e9m:<\/strong><\/p>\n<p>\t\t\t\t\t\t\t\t\t\t\t\t\t\t\t\t\t\t\t\t\t\t\t\t\t<img decoding=\"async\" src=\"https:\/\/www.europesays.com\/pt\/wp-content\/uploads\/2025\/10\/cusquices-logo-52x.png\" class=\"webpexpress-processed\"\/><\/p>\n<p>\t\t\t\t\t\t\t\t\t\t\t\t\t\t\t\t\t\t\t\t\t            \t\t\t\t\t\t\t\t\t\t\t\t\t\t\t\t\t\t\t\t\t\t\t\t\t\t\t\t\t\t\t\t\t\t\t\t\t\t\t<script async src=\"https:\/\/platform.twitter.com\/widgets.js\" charset=\"utf-8\"><\/script><\/p>\n","protected":false},"excerpt":{"rendered":"Share Tweet Share Share Email Cristina Ferreira suspeita que Dylan possa ter revelado o seu segredo a In\u00eas.&hellip;\n","protected":false},"author":2,"featured_media":151913,"comment_status":"","ping_status":"","sticky":false,"template":"","format":"standard","meta":{"footnotes":""},"categories":[8],"tags":[27,28,2632,49,21040,15,16,14,25393,25,26,21,22,12,13,19,20,32,23,24,33,17,18,29,30,31],"class_list":{"0":"post-151912","1":"post","2":"type-post","3":"status-publish","4":"format-standard","5":"has-post-thumbnail","7":"category-principais-noticias","8":"tag-breaking-news","9":"tag-breakingnews","10":"tag-casa-dos-segredos","11":"tag-destaques","12":"tag-dylan-fonte","13":"tag-featured-news","14":"tag-featurednews","15":"tag-headlines","16":"tag-ines-gama","17":"tag-latest-news","18":"tag-latestnews","19":"tag-main-news","20":"tag-mainnews","21":"tag-news","22":"tag-noticias","23":"tag-noticias-principais","24":"tag-noticiasprincipais","25":"tag-portugal","26":"tag-principais-noticias","27":"tag-principaisnoticias","28":"tag-pt","29":"tag-top-stories","30":"tag-topstories","31":"tag-ultimas","32":"tag-ultimas-noticias","33":"tag-ultimasnoticias"},"share_on_mastodon":{"url":"https:\/\/pubeurope.com\/@pt\/115549176386910102","error":""},"_links":{"self":[{"href":"https:\/\/www.europesays.com\/pt\/wp-json\/wp\/v2\/posts\/151912","targetHints":{"allow":["GET"]}}],"collection":[{"href":"https:\/\/www.europesays.com\/pt\/wp-json\/wp\/v2\/posts"}],"about":[{"href":"https:\/\/www.europesays.com\/pt\/wp-json\/wp\/v2\/types\/post"}],"author":[{"embeddable":true,"href":"https:\/\/www.europesays.com\/pt\/wp-json\/wp\/v2\/users\/2"}],"replies":[{"embeddable":true,"href":"https:\/\/www.europesays.com\/pt\/wp-json\/wp\/v2\/comments?post=151912"}],"version-history":[{"count":0,"href":"https:\/\/www.europesays.com\/pt\/wp-json\/wp\/v2\/posts\/151912\/revisions"}],"wp:featuredmedia":[{"embeddable":true,"href":"https:\/\/www.europesays.com\/pt\/wp-json\/wp\/v2\/media\/151913"}],"wp:attachment":[{"href":"https:\/\/www.europesays.com\/pt\/wp-json\/wp\/v2\/media?parent=151912"}],"wp:term":[{"taxonomy":"category","embeddable":true,"href":"https:\/\/www.europesays.com\/pt\/wp-json\/wp\/v2\/categories?post=151912"},{"taxonomy":"post_tag","embeddable":true,"href":"https:\/\/www.europesays.com\/pt\/wp-json\/wp\/v2\/tags?post=151912"}],"curies":[{"name":"wp","href":"https:\/\/api.w.org\/{rel}","templated":true}]}}