{"id":151914,"date":"2025-11-14T17:14:12","date_gmt":"2025-11-14T17:14:12","guid":{"rendered":"https:\/\/www.europesays.com\/pt\/151914\/"},"modified":"2025-11-14T17:14:12","modified_gmt":"2025-11-14T17:14:12","slug":"luana-piovani-promete-expor-boninho-e-provoca-ana-furtado","status":"publish","type":"post","link":"https:\/\/www.europesays.com\/pt\/151914\/","title":{"rendered":"Luana Piovani promete expor Boninho e provoca Ana Furtado"},"content":{"rendered":"<p><strong>Luana Piovani <\/strong>decidiu se manifestar sobre a pol\u00eamica envolvendo <strong>Narcisa Tamborindeguy<\/strong> e <strong>Boninho<\/strong>. Na \u00faltima segunda-feira (10), a socialite acusou o diretor de ser um p\u00e9ssimo pai para a filha que tiveram juntos,\u00a0<strong>Marianna<\/strong>, de 38 anos.<\/p>\n<p>Em meio a repercuss\u00e3o do caso,\u00a0<strong>Luana Piovani\u00a0<\/strong>compartilhou o trecho da entrevista de <strong>Narcisa <\/strong>para\u00a0<strong>Blogueirinha<\/strong>, prometeu expor uma hist\u00f3ria envolvendo <strong>Boninho <\/strong>e provocou a atual esposa do diretor, a atriz e apresentadora, <strong>Ana Furtado<\/strong>.<\/p>\n<p>&#8220;Amo quando as m\u00e1scaras caem. Na minha bio vai ter uma historinha com o Little\u2026 [Boninho] Ser\u00e1 que a esposa [Ana Furtado] n\u00e3o se incomoda em ver e ser c\u00famplice disso?&#8221;, questionou\u00a0<strong>Luana Piovani\u00a0<\/strong>nos stories de seu perfil no Instagram.<\/p>\n<p>Antesda alfinetada de\u00a0<strong>Luana Piovani<\/strong>,\u00a0<strong>Boninho\u00a0<\/strong>respondeu a acusa\u00e7\u00e3o de\u00a0<strong>Narcisa Tamborindeguy\u00a0<\/strong>e afirmou ser um bom pai tanto para\u00a0<strong>Marianna<\/strong>, quanto para os outros dois filhos,\u00a0<strong>Pedro\u00a0<\/strong>e\u00a0<strong>Isabella<\/strong>.<\/p>\n","protected":false},"excerpt":{"rendered":"Luana Piovani decidiu se manifestar sobre a pol\u00eamica envolvendo Narcisa Tamborindeguy e Boninho. Na \u00faltima segunda-feira (10), a&hellip;\n","protected":false},"author":2,"featured_media":149864,"comment_status":"","ping_status":"","sticky":false,"template":"","format":"standard","meta":{"footnotes":""},"categories":[145],"tags":[32530,15285,211,210,114,115,4585,32270,32,33],"class_list":{"0":"post-151914","1":"post","2":"type-post","3":"status-publish","4":"format-standard","5":"has-post-thumbnail","7":"category-celebridades","8":"tag-ana-furtado","9":"tag-boninho","10":"tag-celebridades","11":"tag-celebrities","12":"tag-entertainment","13":"tag-entretenimento","14":"tag-luana-piovani","15":"tag-narcisa-tamborindeguy","16":"tag-portugal","17":"tag-pt"},"share_on_mastodon":{"url":"https:\/\/pubeurope.com\/@pt\/115549179929780824","error":""},"_links":{"self":[{"href":"https:\/\/www.europesays.com\/pt\/wp-json\/wp\/v2\/posts\/151914","targetHints":{"allow":["GET"]}}],"collection":[{"href":"https:\/\/www.europesays.com\/pt\/wp-json\/wp\/v2\/posts"}],"about":[{"href":"https:\/\/www.europesays.com\/pt\/wp-json\/wp\/v2\/types\/post"}],"author":[{"embeddable":true,"href":"https:\/\/www.europesays.com\/pt\/wp-json\/wp\/v2\/users\/2"}],"replies":[{"embeddable":true,"href":"https:\/\/www.europesays.com\/pt\/wp-json\/wp\/v2\/comments?post=151914"}],"version-history":[{"count":0,"href":"https:\/\/www.europesays.com\/pt\/wp-json\/wp\/v2\/posts\/151914\/revisions"}],"wp:featuredmedia":[{"embeddable":true,"href":"https:\/\/www.europesays.com\/pt\/wp-json\/wp\/v2\/media\/149864"}],"wp:attachment":[{"href":"https:\/\/www.europesays.com\/pt\/wp-json\/wp\/v2\/media?parent=151914"}],"wp:term":[{"taxonomy":"category","embeddable":true,"href":"https:\/\/www.europesays.com\/pt\/wp-json\/wp\/v2\/categories?post=151914"},{"taxonomy":"post_tag","embeddable":true,"href":"https:\/\/www.europesays.com\/pt\/wp-json\/wp\/v2\/tags?post=151914"}],"curies":[{"name":"wp","href":"https:\/\/api.w.org\/{rel}","templated":true}]}}