{"id":151929,"date":"2025-11-14T17:33:12","date_gmt":"2025-11-14T17:33:12","guid":{"rendered":"https:\/\/www.europesays.com\/pt\/151929\/"},"modified":"2025-11-14T17:33:12","modified_gmt":"2025-11-14T17:33:12","slug":"antonio-fagundes-encaminha-volta-a-globo-apos-sete-anos-e-estara-em-nova-novela-das-nove-f5-folha-uol-com-br","status":"publish","type":"post","link":"https:\/\/www.europesays.com\/pt\/151929\/","title":{"rendered":"Antonio Fagundes encaminha volta \u00e0 Globo ap\u00f3s sete anos e estar\u00e1 em nova novela das nove &#8211; f5.folha.uol.com.br"},"content":{"rendered":"<ol>\n<li><a href=\"https:\/\/news.google.com\/rss\/articles\/CBMi6AFBVV95cUxPbWJseXNQeC1yLWNoNVNsNmtiQkNYR2hhOGJUdExlRHdpMEZTYWtLWnlQMzR4RjFwMzIxeVRJSXp2ZkR4ZTI4R3NBSUJiSC01Y05aSWV1MkFaTnliQldYakFWenhHQm05X0hjT2RkSnB4QnBnOFBPdGNSX3lkcGxNUWxsbmZwdGM0TXhtZVJmd1ItWXJGRTdLdm9BLXZobi1VeEdUZGZjWnJsYms0V19xbDNLMG5IZ3BmZi1SZ3ktVWRobmRuVVZHb085bTdTRUt4TWJwSkRQX1VGbnVsb3BqdGpaM19PU1Ja?oc=5\" target=\"_blank\" rel=\"nofollow noopener\">Antonio Fagundes encaminha volta \u00e0 Globo ap\u00f3s sete anos e estar\u00e1 em nova novela das nove<\/a>&nbsp;&nbsp;f5.folha.uol.com.br<\/li>\n<li><a href=\"https:\/\/news.google.com\/rss\/articles\/CBMi5gFBVV95cUxNdUx4NmJyQ2VodmlDNGJ2NVNaWTVyVHZabTg3NnlRbk5QU19nQTJpbms3T1BpNmNDSnl0TFN3R0tVTjdjRTZPQmhIV1FMRnJiSzJEcEZVVkVDZVNvamJlc3F4NjJsSEkxODNsNmRMSE5lV29tMVpRN2wzbDhMcWpvTGlCdUVveGs3TjdYODN6Sm1pWGNRZUZRZHR2eHhJT253WDRIMXhXSmprcmQ2YnpIUHNRNC1EZnNsODVWZjNmVUJsVlpCcmdQVWhvc0lMczNXcE1MNlZpQXZ4UFJTcEtvQi1PZElYQQ?oc=5\" target=\"_blank\" rel=\"nofollow noopener\">Antonio Fagundes volta \u00e0s novelas em &#8216;Quem Ama, Cuida&#8217;, pr\u00f3xima trama das 9 de Walcyr Carrasco.<\/a>&nbsp;&nbsp;Jornal de Bras\u00edlia<\/li>\n<li><a href=\"https:\/\/news.google.com\/rss\/articles\/CBMisgFBVV95cUxOR3FEWXhWUHh1dkk4Z0E4d1B6c25qSk1HaGphUHFUTEkweDhUa1JGY3NrcDhRYk43S2xrRHhYS2ZIZ1hFbVRpYkhkYWNMbHFjME5uZDNlRS1lZXlmM0ZRMTJCSTI4WHNFenpIdFNoSUFJOU02N1hlcFA5akdtQWlOcEdJeXZ3eGV0aVRKNlNuVkhXMEtKdTd0eWpXQWRIOWV6MDItLVpMMkNHazkyWXQ5ZkJR?oc=5\" target=\"_blank\" rel=\"nofollow noopener\">Ant\u00f4nio Fagundes retorna \u00e0s novelas da Globo em 2026, ap\u00f3s sete anos fora do ar<\/a>&nbsp;&nbsp;papelpop<\/li>\n<li><a href=\"https:\/\/news.google.com\/rss\/articles\/CBMisgFBVV95cUxQOVRpLU0tdlRZcTJnQ01TdkRsQmhueE9sTW9LM2xvYUJCMS1YWXRsSWZHSUJ4VWwxRmltUFJkVzRMWGhYdEhVR0NTZHNkY0wzODhqSVdLTmJQTFU2NG1YT2hCM2YzUHA3YkFHRTZMR293TlZrY1htSS05M00tWmVIZHhTQ3BlLXFEdmszNWZNa0xGRVNWUUc1c0IxMVA2RzZ5NTJ5WHFwX2l0U2ZkODgxOFFn?oc=5\" target=\"_blank\" rel=\"nofollow noopener\">Ant\u00f4nio Fagundes acerta com a Globo e retorna \u00e0s novelas; veja qual<\/a>&nbsp;&nbsp;contigo.com.br<\/li>\n<\/ol>\n","protected":false},"excerpt":{"rendered":"Antonio Fagundes encaminha volta \u00e0 Globo ap\u00f3s sete anos e estar\u00e1 em nova novela das nove&nbsp;&nbsp;f5.folha.uol.com.br Antonio Fagundes&hellip;\n","protected":false},"author":2,"featured_media":151930,"comment_status":"","ping_status":"","sticky":false,"template":"","format":"standard","meta":{"footnotes":""},"categories":[142],"tags":[14885,219,935,211,223,114,115,224,6902,225,226,753,221,220,222,2931,32,33,2387,2566,218,15806,228,151,13084,227,6903],"class_list":{"0":"post-151929","1":"post","2":"type-post","3":"status-publish","4":"format-standard","5":"has-post-thumbnail","7":"category-tv","8":"tag-antonio-fagundes","9":"tag-bichos","10":"tag-canais-de-tv","11":"tag-celebridades","12":"tag-colunistas","13":"tag-entertainment","14":"tag-entretenimento","15":"tag-estranho","16":"tag-eta-mundo-bom","17":"tag-eu-amo","18":"tag-fofices","19":"tag-globo","20":"tag-horoscopo","21":"tag-humanos","22":"tag-humor","23":"tag-novela","24":"tag-portugal","25":"tag-pt","26":"tag-teatro","27":"tag-televiso","28":"tag-televisao","29":"tag-trs-graas","30":"tag-tudo","31":"tag-tv","32":"tag-verdades-secretas","33":"tag-videos","34":"tag-walcyr-carrasco"},"share_on_mastodon":{"url":"https:\/\/pubeurope.com\/@pt\/115549254642821632","error":""},"_links":{"self":[{"href":"https:\/\/www.europesays.com\/pt\/wp-json\/wp\/v2\/posts\/151929","targetHints":{"allow":["GET"]}}],"collection":[{"href":"https:\/\/www.europesays.com\/pt\/wp-json\/wp\/v2\/posts"}],"about":[{"href":"https:\/\/www.europesays.com\/pt\/wp-json\/wp\/v2\/types\/post"}],"author":[{"embeddable":true,"href":"https:\/\/www.europesays.com\/pt\/wp-json\/wp\/v2\/users\/2"}],"replies":[{"embeddable":true,"href":"https:\/\/www.europesays.com\/pt\/wp-json\/wp\/v2\/comments?post=151929"}],"version-history":[{"count":0,"href":"https:\/\/www.europesays.com\/pt\/wp-json\/wp\/v2\/posts\/151929\/revisions"}],"wp:featuredmedia":[{"embeddable":true,"href":"https:\/\/www.europesays.com\/pt\/wp-json\/wp\/v2\/media\/151930"}],"wp:attachment":[{"href":"https:\/\/www.europesays.com\/pt\/wp-json\/wp\/v2\/media?parent=151929"}],"wp:term":[{"taxonomy":"category","embeddable":true,"href":"https:\/\/www.europesays.com\/pt\/wp-json\/wp\/v2\/categories?post=151929"},{"taxonomy":"post_tag","embeddable":true,"href":"https:\/\/www.europesays.com\/pt\/wp-json\/wp\/v2\/tags?post=151929"}],"curies":[{"name":"wp","href":"https:\/\/api.w.org\/{rel}","templated":true}]}}