{"id":151931,"date":"2025-11-14T17:35:11","date_gmt":"2025-11-14T17:35:11","guid":{"rendered":"https:\/\/www.europesays.com\/pt\/151931\/"},"modified":"2025-11-14T17:35:11","modified_gmt":"2025-11-14T17:35:11","slug":"miles-teller-culpa-uma-pessoa-importante-pelo-fracasso-de-fantastic-four-2015","status":"publish","type":"post","link":"https:\/\/www.europesays.com\/pt\/151931\/","title":{"rendered":"Miles Teller Culpa \u201cUma Pessoa Importante\u201d pelo Fracasso de Fantastic Four (2015)"},"content":{"rendered":"<p>Miles Teller afirmou que o fracasso do seu filme <a href=\"https:\/\/pt.ign.com\/fantastic-four-2015\" rel=\"nofollow noopener\" target=\"_blank\">Fantastic Four<\/a> de 2015 se deveu a \u201cuma pessoa realmente importante que, de certa forma, estragou tudo\u201d.<\/p>\n<p>Lan\u00e7ado com grande expectativa e recebido com uma chuva de cr\u00edticas negativas, o filme foi um desastre comercial, arrecadou apenas 168 milh\u00f5es de d\u00f3lares face a um or\u00e7amento de produ\u00e7\u00e3o de 120 milh\u00f5es. Agora, o ator principal coloca a responsabilidade do colapso do projeto numa \u00fanica pessoa, n\u00e3o sendo preciso muito para adivinhar a quem se refere.<\/p>\n<p>\u201cQuando vi o filme pela primeira vez, lembro-me de ter dito a um dos executivos do est\u00fadio: \u2018Acho que estamos com um problema\u2019\u201d, contou Teller numa entrevista ao programa de <a href=\"https:\/\/www.tiktok.com\/@siriusxm\/video\/7572207244717182221?_r=1&amp;_t=ZP-91NjpHP6IM2\" rel=\"noopener nofollow\" target=\"_blank\">SiriusXM<\/a> apresentado por Andy Cohen (via <a href=\"https:\/\/variety.com\/2025\/film\/news\/miles-teller-fantastic-four-fucked-up-one-person-1236581812\/\" rel=\"noopener nofollow\" target=\"_blank\">Variety<\/a>). O ator aproveitou para elogiar os colegas de elenco, mas admitiu: \u201c\u00c9 uma pena, porque muita gente trabalhou arduamente nesse filme. E honestamente, talvez tenha havido uma pessoa realmente importante que acabou por estragar tudo.\u201d<\/p>\n<p>\u201cNa altura, enquanto jovem ator, pensava: \u2018Se queres ser levado a s\u00e9rio como protagonista, tens de entrar no comboio dos super-her\u00f3is\u2019. Essa era a oportunidade\u201d, recordou Teller. \u201cE o elenco, sinceramente, era espetacular. Adoro todos esses atores.\u201d<\/p>\n<p>Fantastic Four juntou Miles Teller (de Whiplash e Top Gun: Maverick) como Reed Richards, Kate Mara (House of Cards) como Sue Storm, Michael B. Jordan (Black Panther) como Johnny Storm e Jamie Bell (Billy Elliot) como The Thing. A realiza\u00e7\u00e3o ficou a cargo de Josh Trank, que acabou por receber um Razzie Award pela sua dire\u00e7\u00e3o.<\/p>\n<p><img decoding=\"async\" alt=\"Miles Teller em entrevista ap\u00f3s Fantastic Four\" class=\"article-image-full-size\" data-position=\"0\" src=\"https:\/\/www.europesays.com\/pt\/wp-content\/uploads\/2025\/11\/the-2015-fantastic-four-movie-failed-because-of-one-really-i_x7ra.jpg\" viewbox=\"0 0 16 9\"\/><br \/>\nMiles Teller. Cr\u00e9ditos da imagem: Gary Gershoff\/Getty Images.<\/p>\n<p>Relat\u00f3rios da \u00e9poca indicam que <a href=\"https:\/\/www.ign.com\/articles\/josh-trank-reveals-why-fantastic-4-made-him-briefly-bitter-towards-james-gunn-marvel-movies\" rel=\"noopener nofollow\" target=\"_blank\">Josh Trank entrou em choque criativo com o argumentista Jeremy Slater<\/a> devido a vis\u00f5es diferentes para o projeto. Fontes pr\u00f3ximas da produ\u00e7\u00e3o referem ainda que o elenco perdeu confian\u00e7a no resultado final antes mesmo das filmagens terminarem. O est\u00fadio 20th Century Fox, insatisfeito com a primeira vers\u00e3o do filme, acabou por exigir regrava\u00e7\u00f5es de v\u00e1rias cenas.<\/p>\n<p>Nos \u00faltimos anos, o pr\u00f3prio Trank <a href=\"https:\/\/pt.ign.com\/quarteto-fantastico\/87449\/news\/realizador-de-quarteto-fantastico-nao-esta-interessado-num-trank-cut\" rel=\"nofollow noopener\" target=\"_blank\">admitiu as suas falhas e falta de experi\u00eancia<\/a>, reconhecendo que tentou abra\u00e7ar uma ambi\u00e7\u00e3o que ultrapassava a sua maturidade enquanto realizador. \u201cO que tentei fazer com Fantastic Four foi arrogante para algu\u00e9m que ainda n\u00e3o dominava verdadeiramente o seu of\u00edcio\u201d, confessou em 2020.<\/p>\n<p>Ap\u00f3s o fracasso, uma <a href=\"https:\/\/pt.ign.com\/x-men-supernova\/77304\/news\/filme-x-men-vs-quarteto-fantastico-esteve-muito-perto-de-acontecer\" rel=\"nofollow noopener\" target=\"_blank\">sequela planeada que juntaria Daredevil e Deadpool<\/a> foi cancelada e a equipa de super-her\u00f3is ficou em pausa durante quase uma d\u00e9cada, at\u00e9 o <a href=\"https:\/\/pt.ign.com\/fantastic-four-first-steps\" rel=\"nofollow noopener\" target=\"_blank\">reboot do UCM<\/a> que chegou aos cinemas este ano, recebendo uma recep\u00e7\u00e3o bem mais calorosa.<\/p>\n<p>                <script async src=\"\/\/www.tiktok.com\/embed.js\"><\/script><\/p>\n","protected":false},"excerpt":{"rendered":"Miles Teller afirmou que o fracasso do seu filme Fantastic Four de 2015 se deveu a \u201cuma pessoa&hellip;\n","protected":false},"author":2,"featured_media":151932,"comment_status":"","ping_status":"","sticky":false,"template":"","format":"standard","meta":{"footnotes":""},"categories":[140],"tags":[114,115,147,148,146,32,33],"class_list":{"0":"post-151931","1":"post","2":"type-post","3":"status-publish","4":"format-standard","5":"has-post-thumbnail","7":"category-filmes","8":"tag-entertainment","9":"tag-entretenimento","10":"tag-film","11":"tag-filmes","12":"tag-movies","13":"tag-portugal","14":"tag-pt"},"share_on_mastodon":{"url":"https:\/\/pubeurope.com\/@pt\/115549262768328706","error":""},"_links":{"self":[{"href":"https:\/\/www.europesays.com\/pt\/wp-json\/wp\/v2\/posts\/151931","targetHints":{"allow":["GET"]}}],"collection":[{"href":"https:\/\/www.europesays.com\/pt\/wp-json\/wp\/v2\/posts"}],"about":[{"href":"https:\/\/www.europesays.com\/pt\/wp-json\/wp\/v2\/types\/post"}],"author":[{"embeddable":true,"href":"https:\/\/www.europesays.com\/pt\/wp-json\/wp\/v2\/users\/2"}],"replies":[{"embeddable":true,"href":"https:\/\/www.europesays.com\/pt\/wp-json\/wp\/v2\/comments?post=151931"}],"version-history":[{"count":0,"href":"https:\/\/www.europesays.com\/pt\/wp-json\/wp\/v2\/posts\/151931\/revisions"}],"wp:featuredmedia":[{"embeddable":true,"href":"https:\/\/www.europesays.com\/pt\/wp-json\/wp\/v2\/media\/151932"}],"wp:attachment":[{"href":"https:\/\/www.europesays.com\/pt\/wp-json\/wp\/v2\/media?parent=151931"}],"wp:term":[{"taxonomy":"category","embeddable":true,"href":"https:\/\/www.europesays.com\/pt\/wp-json\/wp\/v2\/categories?post=151931"},{"taxonomy":"post_tag","embeddable":true,"href":"https:\/\/www.europesays.com\/pt\/wp-json\/wp\/v2\/tags?post=151931"}],"curies":[{"name":"wp","href":"https:\/\/api.w.org\/{rel}","templated":true}]}}