{"id":151933,"date":"2025-11-14T17:36:15","date_gmt":"2025-11-14T17:36:15","guid":{"rendered":"https:\/\/www.europesays.com\/pt\/151933\/"},"modified":"2025-11-14T17:36:15","modified_gmt":"2025-11-14T17:36:15","slug":"lage-pede-tempo-para-mourinho-e-rebate-criticas-tenho-as-costas-largas","status":"publish","type":"post","link":"https:\/\/www.europesays.com\/pt\/151933\/","title":{"rendered":"Lage pede \u00abtempo\u00bb para Mourinho e rebate cr\u00edticas: \u00abTenho as costas largas\u00bb"},"content":{"rendered":"<p>\u00c0 margem de uma<strong><a href=\"https:\/\/maisfutebol.iol.pt\/benfica\/bruno-lage\/lage-preparou-pre-epoca-com-ajuda-dos-amigos-da-comunicacao-social\" rel=\"nofollow noopener\" target=\"_blank\"> apresenta\u00e7\u00e3o na Faculdade de Motricidade Humana<\/a><\/strong>, em que falou sobre a periodiza\u00e7\u00e3o de treino na curta pr\u00e9-temporada do Benfica, Bruno Lage respondeu \u00e0s quest\u00f5es dos jornalistas sobre o momento do clube.<\/p>\n<p>Despedido em setembro, o t\u00e9cnico setubalense n\u00e3o quis entrar em pol\u00e9micas e pediu \u00abtempo\u00bb a Jos\u00e9 Mourinho.\u00a0<\/p>\n<p>\u00abAp\u00f3s a minha sa\u00edda, aquilo que \u00e9 melhor para n\u00f3s \u00e9 afastarmo-nos\u00a0e colocarmo-nos \u00e0 dist\u00e2ncia. O mais importante e aquilo que dizia para mim,\u00a0e mantenho a coer\u00eancia, \u00e9 que o maior advers\u00e1rio do Benfica nesta \u00e9poca seria o fator tempo.\u00a0Por isso, se eu pedia tempo para mim, acho que \u00e9 leg\u00edtimo\u00a0pedir tempo para o m\u00edster Jos\u00e9 Mourinho. Tempo de qualidade para treinar\u00bb, afirmou.<\/p>\n<p>\u00abO n\u00famero de treinos \u00e9 muito curto. O Benfica tem mais tempo a jogar do que propriamente a treinar. Tem de haver um per\u00edodo de tempo que seja padronizado em treinos.\u00a0Treinos que n\u00e3o s\u00e3o apenas treinos de recupera\u00e7\u00e3o, mas com todos os jogadores \u00e0 sua disposi\u00e7\u00e3o\u00a0para treinar e para fazer crescer a sua ideia de jogo.\u00a0Aquilo que eu lhe posso dizer neste momento \u00e9 que o Benfica tem plantel e tem um treinador que dispensa apresenta\u00e7\u00f5es\u00bb, continuou o t\u00e9cnico.<\/p>\n<p>Bruno Lage rejeitou qualquer \u00abm\u00e1goa\u00bb pela sa\u00edda do Benfica. E, ainda em rela\u00e7\u00e3o a declara\u00e7\u00f5es feitas por Jos\u00e9 Mourinho, que admitiu que a equipa \u00abmordia\u00bb pouco os advers\u00e1rios e tinha menos intensidade antes da sua chegada, Lage rebate:<\/p>\n<p>\u00ab\u00c0 medida que n\u00f3s vamos tendo experi\u00eancia,\u00a0as nossas costas v\u00e3o ficando mais largas.\u00a0Neste momento, aquilo que eu sinto \u00e9 isso. Eu tenho as costas largas. Eu n\u00e3o senti isso como cr\u00edtica, vou ser honesto. Os treinadores s\u00e3o diferentes. As ideias de jogo dos treinadores s\u00e3o diferentes. A minha \u00e9 diferente de Roger Schmidt e a de Mourinho \u00e9 diferente da minha\u00bb, explicou.<\/p>\n<p> \u00abConstru\u00edmos um plantel de enorme qualidade\u00bb <\/p>\n<p>Ap\u00f3s not\u00edcias da imprensa nacional darem conta da inten\u00e7\u00e3o de Mourinho contratar jogadores no mercado de inverno, Bruno Lage refor\u00e7ou a sua confian\u00e7a no plantel desenhado no ver\u00e3o.\u00a0<\/p>\n<p>\u00abEu e Rui Costa est\u00e1vamos concentrados em construir\u00a0um plantel de enorme qualidade, em rela\u00e7\u00e3o \u00e0quilo que \u00e9 a minha ideia de jogo.\u00a0Aquilo que eu vos posso dizer, que na minha opini\u00e3o,\u00a0\u00e9 um plantel com enorme qualidade\u00bb, disse. Por\u00e9m, houve alguns contratempos.<\/p>\n<p>\u00abSe h\u00e1 necessidade de refor\u00e7os? Claro que sim. Uma das posi\u00e7\u00f5es \u00e9 o m\u00e9dio-ala esquerdo.\u00a0Como voc\u00eas sabem, no decorrer da pr\u00e9-\u00e9poca, perdemos o Akturkoglu,\u00a0que era um jogador muito importante para a equipa. E perdemos tamb\u00e9m o Bruma, n\u00e3o se esque\u00e7am dele.\u00a0At\u00e9 l\u00e1, Manu Silva vai regressar. Com muita pena minha, foi um jogador que pedi e praticamente n\u00e3o jogou comigo. E ainda h\u00e1 a recupera\u00e7\u00e3o do Bah, que pode ser alternativa ao Dedic.\u00bb\u00a0<\/p>\n<p>\u00abNo mercado de janeiro poder\u00e1 tamb\u00e9m o treinador, o m\u00edster Jos\u00e9 Mourinho,\u00a0aproveitar tal como eu aproveitei para contratar jogadores que v\u00e3o ao encontro\u00a0da sua ideia de jogo\u00bb, terminou.\u00a0<\/p>\n<p>Bruno Lage tem estado longe dos relvados desde setembro mas diz continuar a trabalhar com a sua equipa t\u00e9cnica, prometendo at\u00e9 novidades em breve no que diz respeito a conte\u00fados audiovisuais.\u00a0<\/p>\n","protected":false},"excerpt":{"rendered":"\u00c0 margem de uma apresenta\u00e7\u00e3o na Faculdade de Motricidade Humana, em que falou sobre a periodiza\u00e7\u00e3o de treino&hellip;\n","protected":false},"author":2,"featured_media":151934,"comment_status":"","ping_status":"","sticky":false,"template":"","format":"standard","meta":{"footnotes":""},"categories":[87],"tags":[51,2923,135,1385,4838,36,46,7864,32,33,47,134],"class_list":{"0":"post-151933","1":"post","2":"type-post","3":"status-publish","4":"format-standard","5":"has-post-thumbnail","7":"category-desporto","8":"tag-benfica","9":"tag-bruno-lage","10":"tag-desporto","11":"tag-jose-mourinho","12":"tag-lage","13":"tag-liga","14":"tag-maisfutebol","15":"tag-mourinho","16":"tag-portugal","17":"tag-pt","18":"tag-pura-paixao","19":"tag-sports"},"share_on_mastodon":{"url":"https:\/\/pubeurope.com\/@pt\/115549266467486198","error":""},"_links":{"self":[{"href":"https:\/\/www.europesays.com\/pt\/wp-json\/wp\/v2\/posts\/151933","targetHints":{"allow":["GET"]}}],"collection":[{"href":"https:\/\/www.europesays.com\/pt\/wp-json\/wp\/v2\/posts"}],"about":[{"href":"https:\/\/www.europesays.com\/pt\/wp-json\/wp\/v2\/types\/post"}],"author":[{"embeddable":true,"href":"https:\/\/www.europesays.com\/pt\/wp-json\/wp\/v2\/users\/2"}],"replies":[{"embeddable":true,"href":"https:\/\/www.europesays.com\/pt\/wp-json\/wp\/v2\/comments?post=151933"}],"version-history":[{"count":0,"href":"https:\/\/www.europesays.com\/pt\/wp-json\/wp\/v2\/posts\/151933\/revisions"}],"wp:featuredmedia":[{"embeddable":true,"href":"https:\/\/www.europesays.com\/pt\/wp-json\/wp\/v2\/media\/151934"}],"wp:attachment":[{"href":"https:\/\/www.europesays.com\/pt\/wp-json\/wp\/v2\/media?parent=151933"}],"wp:term":[{"taxonomy":"category","embeddable":true,"href":"https:\/\/www.europesays.com\/pt\/wp-json\/wp\/v2\/categories?post=151933"},{"taxonomy":"post_tag","embeddable":true,"href":"https:\/\/www.europesays.com\/pt\/wp-json\/wp\/v2\/tags?post=151933"}],"curies":[{"name":"wp","href":"https:\/\/api.w.org\/{rel}","templated":true}]}}