{"id":151942,"date":"2025-11-14T17:43:17","date_gmt":"2025-11-14T17:43:17","guid":{"rendered":"https:\/\/www.europesays.com\/pt\/151942\/"},"modified":"2025-11-14T17:43:17","modified_gmt":"2025-11-14T17:43:17","slug":"varios-mortos-e-feridos-em-estocolmo-depois-de-autocarro-colidir-com-paragem-motorista-foi-detido","status":"publish","type":"post","link":"https:\/\/www.europesays.com\/pt\/151942\/","title":{"rendered":"V\u00e1rios mortos e feridos em Estocolmo depois de autocarro colidir com paragem. Motorista foi detido"},"content":{"rendered":"<p>Um autocarro abalroou esta sexta-feira, 14 de novembro, uma paragem no centro de Estocolmo, capital da Su\u00e9cia, e causou pelo menos tr\u00eas mortos e v\u00e1rios feridos, pelo menos dois deles em estado grave, de acordo com o <a aria-label=\"content\" target=\"_blank\" href=\"https:\/\/www.expressen.se\/nyheter\/sverige\/buss-har-rammat-busskur-i-stockholm-flera-skadade\/\" rel=\"nofollow noopener\">jornal Expressen<\/a>.<\/p>\n<p>&#8220;Neste momento, a pol\u00edcia n\u00e3o comenta informa\u00e7\u00f5es sobre o n\u00famero, sexo ou idade das v\u00edtimas&#8221;, referem as autoridades policiais.<\/p>\n<p>O alerta foi dado \u00e0s 15h24 (menos uma hora em Lisboa) e ainda n\u00e3o se sabe o que ter\u00e1 estado na origem do acidente.\u00a0Decorrem opera\u00e7\u00f5es de socorro e uma investiga\u00e7\u00e3o no local.<\/p>\n<p>Nadya Norton, porta-voz da pol\u00edcia de Estocolmo, confirmou que o local est\u00e1 a ser analisado como uma cena de crime e que o motorista foi detido para ser interrogado.<\/p>\n<p>No entanto, ainda de acordo com Expressen, ter\u00e1 sido uma doen\u00e7a s\u00fabita do motorista, que n\u00e3o tem cadastro e encontra-se em estado de choque, que esteve na origem do acidente.<\/p>\n<p>Algumas testemunhas disseram \u00e0 pol\u00edcia, que o autocarro ia a uma velocidade baixa, tendo galgado o passeio e embatido na paragem, tendo ainda revelado que o motorista apresentava sinais de mal-estar.<\/p>\n<p>Daniel Wikdahl, tamb\u00e9m da pol\u00edcia de Estocolmo, admitiu que n\u00e3o existem ind\u00edcios de que tenha havido inten\u00e7\u00e3o de ferir ou matar. &#8220;O que podemos dizer \u00e9 que, neste momento, n\u00e3o vemos ind\u00edcios de que tenha sido intencional&#8221;, disse, garantindo ainda que &#8220;n\u00e3o h\u00e1 nada&#8221; que indique que se trate de um ataque terrorista.<\/p>\n<p>De acordo com os servi\u00e7os de emerg\u00eancia, o autocarro estava fora de servi\u00e7o e n\u00e3o havia passageiros a bordo, pelo que as v\u00edtimas estavam junto \u00e0 paragem que foi abalroada.<\/p>\n<p>Stefan Johansson, assessor de imprensa da empresa Transdev, propriet\u00e1ria do autocarro, revelou entretanto que pelo menos uma c\u00e2mara de vigil\u00e2ncia estava a bordo da viatura, pelo que poder\u00e1 ser essencial para descobrir o que esteve na origem do acidente.<\/p>\n","protected":false},"excerpt":{"rendered":"Um autocarro abalroou esta sexta-feira, 14 de novembro, uma paragem no centro de Estocolmo, capital da Su\u00e9cia, e&hellip;\n","protected":false},"author":2,"featured_media":151943,"comment_status":"","ping_status":"","sticky":false,"template":"","format":"standard","meta":{"footnotes":""},"categories":[8],"tags":[59,12620,27,28,29354,15,16,14,25,26,21,22,12,13,19,20,32,23,24,33,5928,17,18,29,30,31],"class_list":{"0":"post-151942","1":"post","2":"type-post","3":"status-publish","4":"format-standard","5":"has-post-thumbnail","7":"category-principais-noticias","8":"tag-acidente","9":"tag-autocarro","10":"tag-breaking-news","11":"tag-breakingnews","12":"tag-estocolmo","13":"tag-featured-news","14":"tag-featurednews","15":"tag-headlines","16":"tag-latest-news","17":"tag-latestnews","18":"tag-main-news","19":"tag-mainnews","20":"tag-news","21":"tag-noticias","22":"tag-noticias-principais","23":"tag-noticiasprincipais","24":"tag-portugal","25":"tag-principais-noticias","26":"tag-principaisnoticias","27":"tag-pt","28":"tag-suecia","29":"tag-top-stories","30":"tag-topstories","31":"tag-ultimas","32":"tag-ultimas-noticias","33":"tag-ultimasnoticias"},"share_on_mastodon":{"url":"https:\/\/pubeurope.com\/@pt\/115549294302826530","error":""},"_links":{"self":[{"href":"https:\/\/www.europesays.com\/pt\/wp-json\/wp\/v2\/posts\/151942","targetHints":{"allow":["GET"]}}],"collection":[{"href":"https:\/\/www.europesays.com\/pt\/wp-json\/wp\/v2\/posts"}],"about":[{"href":"https:\/\/www.europesays.com\/pt\/wp-json\/wp\/v2\/types\/post"}],"author":[{"embeddable":true,"href":"https:\/\/www.europesays.com\/pt\/wp-json\/wp\/v2\/users\/2"}],"replies":[{"embeddable":true,"href":"https:\/\/www.europesays.com\/pt\/wp-json\/wp\/v2\/comments?post=151942"}],"version-history":[{"count":0,"href":"https:\/\/www.europesays.com\/pt\/wp-json\/wp\/v2\/posts\/151942\/revisions"}],"wp:featuredmedia":[{"embeddable":true,"href":"https:\/\/www.europesays.com\/pt\/wp-json\/wp\/v2\/media\/151943"}],"wp:attachment":[{"href":"https:\/\/www.europesays.com\/pt\/wp-json\/wp\/v2\/media?parent=151942"}],"wp:term":[{"taxonomy":"category","embeddable":true,"href":"https:\/\/www.europesays.com\/pt\/wp-json\/wp\/v2\/categories?post=151942"},{"taxonomy":"post_tag","embeddable":true,"href":"https:\/\/www.europesays.com\/pt\/wp-json\/wp\/v2\/tags?post=151942"}],"curies":[{"name":"wp","href":"https:\/\/api.w.org\/{rel}","templated":true}]}}