{"id":151944,"date":"2025-11-14T17:44:16","date_gmt":"2025-11-14T17:44:16","guid":{"rendered":"https:\/\/www.europesays.com\/pt\/151944\/"},"modified":"2025-11-14T17:44:16","modified_gmt":"2025-11-14T17:44:16","slug":"gretchen-aposta-em-lingerie-com-o-nome-do-marido-para-apimentar-a-relacao","status":"publish","type":"post","link":"https:\/\/www.europesays.com\/pt\/151944\/","title":{"rendered":"Gretchen aposta em lingerie com o nome do marido para apimentar a rela\u00e7\u00e3o"},"content":{"rendered":"\n<p class=\" content-text__container theme-color-primary-first-letter\" data-track-category=\"Link no Texto\" data-track-links=\"\"> <strong>Gretchen<\/strong>, aos 66 anos, e o saxofonista Esdras de Souza, 53, t\u00eam compartilhado detalhes da vida \u00edntima nas redes sociais. Recentemente, a cantora exibiu algumas pe\u00e7as de lingerie que usam para apimentar a rela\u00e7\u00e3o, incluindo uma calcinha azul personalizada com o nome do marido e uma sensual lingerie de couro. <\/p>\n<ul class=\"content-unordered-list\">\n<li><strong>Confira: <\/strong><a class=\"\" href=\"https:\/\/oglobo.globo.com\/ela\/noticia\/2025\/11\/14\/as-duvidas-mais-inusitadas-sobre-celulite-que-dominam-as-redes-sociais-e-o-que-realmente-esta-por-tras-delas.ghtml\" rel=\"nofollow noopener\" target=\"_blank\"><strong>As d\u00favidas mais inusitadas sobre celulite que dominam as redes sociais, e o que realmente est\u00e1 por tr\u00e1s delas<\/strong><\/a><\/li>\n<li><strong>Beleza coreana em alta:<\/strong><a class=\"\" href=\"https:\/\/oglobo.globo.com\/ela\/noticia\/2025\/11\/14\/beleza-coreana-em-alta-por-que-os-produtos-k-beauty-se-tornaram-os-queridinhos-das-famosas.ghtml\" rel=\"nofollow noopener\" target=\"_blank\"><strong> por que os produtos K-Beauty se tornaram os queridinhos das famosas<\/strong><\/a><\/li>\n<\/ul>\n<p class=\" content-text__container \" data-track-category=\"Link no Texto\" data-track-links=\"\"> Na \u00faltima semana, Esdras publicou uma declara\u00e7\u00e3o apaixonada para a cantora, destacando a autenticidade do relacionamento. <\/p>\n<p class=\" content-text__container \" data-track-category=\"Link no Texto\" data-track-links=\"\"> &#8220;Nosso amor n\u00e3o segue padr\u00f5es, n\u00e3o precisa de aprova\u00e7\u00e3o e n\u00e3o cabe em r\u00f3tulos. Ele \u00e9 vivido intensamente, com verdade, respeito e liberdade. Eu e Gretchen somos assim: dois cora\u00e7\u00f5es que escolheram caminhar juntos, com todas as cores, loucuras, risos, desafios e vit\u00f3rias que a vida nos oferece&#8221;, escreveu o m\u00fasico. <\/p>\n<p>      <img decoding=\"async\" class=\"content-media__image\"  src=\"https:\/\/www.europesays.com\/pt\/wp-content\/uploads\/2025\/11\/gretchen-4-.jpg\" alt=\"Gretchen mostrou lingerie personalizada de Esdras para esquentar o casamento \u2014 Foto: Reprodu\u00e7\u00e3o Instagram\" width=\"3264\" height=\"2006\" loading=\"lazy\"\/>  Gretchen mostrou lingerie personalizada de Esdras para esquentar o casamento \u2014 Foto: Reprodu\u00e7\u00e3o Instagram       <\/p>\n<p class=\" content-text__container \" data-track-category=\"Link no Texto\" data-track-links=\"\"> Esdras tamb\u00e9m destacou a admira\u00e7\u00e3o pela trajet\u00f3ria e for\u00e7a de Gretchen. &#8220;Valorizo cada gesto, cada palavra e cada olhar dela. Respeito sua hist\u00f3ria, sua for\u00e7a e a mulher gigante que ela \u00e9. Caminho ao lado dela com orgulho, com gratid\u00e3o e com a certeza de que n\u00e3o estou ao lado de uma mulher qualquer, estou com uma lenda, uma guerreira, uma alma \u00fanica. E ainda assim, ela se faz simples no amor, generosa no carinho e gigante no cora\u00e7\u00e3o&#8221;, afirmou. <\/p>\n<p class=\" content-text__container \" data-track-category=\"Link no Texto\" data-track-links=\"\"> O m\u00fasico aproveitou para falar sobre a intensidade da conex\u00e3o entre os dois. &#8220;Segurarei a m\u00e3o dela at\u00e9 o fim &#8211; at\u00e9 o desencarne, se for preciso &#8211; porque nosso la\u00e7o vai al\u00e9m do que os olhos veem. N\u00e3o \u00e9 paix\u00e3o passageira, \u00e9 conex\u00e3o de alma. Somos felizes do nosso jeito, amamos do nosso jeito. E isso \u00e9 muito mais verdadeiro do que qualquer amor-perfeito inventado por a\u00ed&#8221;, observou. <\/p>\n<p>       <img decoding=\"async\" class=\"content-media__image\"  src=\"https:\/\/www.europesays.com\/pt\/wp-content\/uploads\/2025\/11\/nossa-parceria-e-unica.-esdrasdesouza-nossa-conexao-transborda-nosso-amor.-somos-um-so-numa-dup.jpg\" alt=\"Gretchen revelou lingerie sensual com nome do esposo e deu show de intimidade \u2014 Foto: Reprodu\u00e7\u00e3o Instagram\" width=\"1080\" height=\"1436\" loading=\"lazy\"\/>  Gretchen revelou lingerie sensual com nome do esposo e deu show de intimidade \u2014 Foto: Reprodu\u00e7\u00e3o Instagram       <\/p>\n<p class=\" content-text__container \" data-track-category=\"Link no Texto\" data-track-links=\"\"> Al\u00e9m disso, Esdras refor\u00e7ou a parceria que sustenta o relacionamento: &#8220;Nosso relacionamento \u00e9 feito de companheirismo, lealdade e um respeito t\u00e3o profundo que transcende o tempo. Ela me escolheu e eu a escolhi &#8211; e todos os dias continuo escolhendo. Porque ao lado dela sou mais forte, mais inteiro e mais eu. O que temos \u00e9 raro. \u00c9 amor, \u00e9 parceria, \u00e9 vida compartilhada. E enquanto o cora\u00e7\u00e3o bater, estarei aqui &#8211; por ela, com ela, nela.&#8221; <\/p>\n<p class=\" content-text__container \" data-track-category=\"Link no Texto\" data-track-links=\"\"> Gretchen respondeu \u00e0 mensagem com carinho e reciprocidade. &#8220;\u00c9 meu amor. Essa \u00e9 a nossa realidade. A nossa vida. Somos um s\u00f3 desde o primeiro minuto. \u00c9 blindado. \u00c9 indestrut\u00edvel. E eu sou a mulher mais feliz do mundo. Obrigada por ser voc\u00ea a minha alma g\u00eamea&#8221;, declarou. <\/p>\n","protected":false},"excerpt":{"rendered":"Gretchen, aos 66 anos, e o saxofonista Esdras de Souza, 53, t\u00eam compartilhado detalhes da vida \u00edntima nas&hellip;\n","protected":false},"author":2,"featured_media":151945,"comment_status":"","ping_status":"","sticky":false,"template":"","format":"standard","meta":{"footnotes":""},"categories":[145],"tags":[211,210,114,115,319,32,33,318],"class_list":{"0":"post-151944","1":"post","2":"type-post","3":"status-publish","4":"format-standard","5":"has-post-thumbnail","7":"category-celebridades","8":"tag-celebridades","9":"tag-celebrities","10":"tag-entertainment","11":"tag-entretenimento","12":"tag-hard-news","13":"tag-portugal","14":"tag-pt","15":"tag-radar"},"share_on_mastodon":{"url":"https:\/\/pubeurope.com\/@pt\/115549298343964315","error":""},"_links":{"self":[{"href":"https:\/\/www.europesays.com\/pt\/wp-json\/wp\/v2\/posts\/151944","targetHints":{"allow":["GET"]}}],"collection":[{"href":"https:\/\/www.europesays.com\/pt\/wp-json\/wp\/v2\/posts"}],"about":[{"href":"https:\/\/www.europesays.com\/pt\/wp-json\/wp\/v2\/types\/post"}],"author":[{"embeddable":true,"href":"https:\/\/www.europesays.com\/pt\/wp-json\/wp\/v2\/users\/2"}],"replies":[{"embeddable":true,"href":"https:\/\/www.europesays.com\/pt\/wp-json\/wp\/v2\/comments?post=151944"}],"version-history":[{"count":0,"href":"https:\/\/www.europesays.com\/pt\/wp-json\/wp\/v2\/posts\/151944\/revisions"}],"wp:featuredmedia":[{"embeddable":true,"href":"https:\/\/www.europesays.com\/pt\/wp-json\/wp\/v2\/media\/151945"}],"wp:attachment":[{"href":"https:\/\/www.europesays.com\/pt\/wp-json\/wp\/v2\/media?parent=151944"}],"wp:term":[{"taxonomy":"category","embeddable":true,"href":"https:\/\/www.europesays.com\/pt\/wp-json\/wp\/v2\/categories?post=151944"},{"taxonomy":"post_tag","embeddable":true,"href":"https:\/\/www.europesays.com\/pt\/wp-json\/wp\/v2\/tags?post=151944"}],"curies":[{"name":"wp","href":"https:\/\/api.w.org\/{rel}","templated":true}]}}