{"id":151948,"date":"2025-11-14T17:50:58","date_gmt":"2025-11-14T17:50:58","guid":{"rendered":"https:\/\/www.europesays.com\/pt\/151948\/"},"modified":"2025-11-14T17:50:58","modified_gmt":"2025-11-14T17:50:58","slug":"tres-meses-apos-chegar-filho-de-sergio-conceicao-abandona-cinfaes-zerozero-pt","status":"publish","type":"post","link":"https:\/\/www.europesays.com\/pt\/151948\/","title":{"rendered":"Tr\u00eas meses ap\u00f3s chegar, filho de S\u00e9rgio Concei\u00e7\u00e3o abandona Cinf\u00e3es &#8211; zerozero.pt"},"content":{"rendered":"<ol>\n<li><a href=\"https:\/\/news.google.com\/rss\/articles\/CBMiqAFBVV95cUxOTGd6QTBOTWdzVnd1bVRkZGdWTVUtcFo1VHRIQmVRb3BGV2RZUlEwREJSbUdZQUF5eDc1clRUaXlXRmhHdHFTTHBrclN3OFhFY3hVRUpEUlYwLWkxRmNTTmQ0QzhaSWhITl9xM0ZEUVlxRnBBRnVwZXhDTXBmVlp5dS1tdW5TaDR0SGlNSnY1LU4zcnFQVVA5VV9NQ3lWNk9kazRpalphY2w?oc=5\" target=\"_blank\" rel=\"nofollow noopener\">Tr\u00eas meses ap\u00f3s chegar, filho de S\u00e9rgio Concei\u00e7\u00e3o abandona Cinf\u00e3es<\/a>&nbsp;&nbsp;zerozero.pt<\/li>\n<li><a href=\"https:\/\/news.google.com\/rss\/articles\/CBMipAFBVV95cUxPcnpfNm56aEJsQ2ljaHJONTZvWGF3c0dTUFN0b2tkeVdCOFJQTmI4R3ZqOW1SdEdqcVQ5VEhZX1c0VzZrSGZTUTRzQzloYWpWeW10bnBQazJQdERoV2Vya08wSVhQb0hyX2RFWElGNWFDQmxLR1ZWUnJrSEhZaUtyN0d6MXp3c3hxSks3WnppdmhKenh5aFVHYmZzczlRUHo3ZmVlQQ?oc=5\" target=\"_blank\" rel=\"nofollow noopener\">Filho de S\u00e9rgio Concei\u00e7\u00e3o pediu para sair do Cinf\u00e3es<\/a>&nbsp;&nbsp;A Bola<\/li>\n<li><a href=\"https:\/\/news.google.com\/rss\/articles\/CBMirgFBVV95cUxNNGhVdkxBUExpSGVnVVNPaDc1NmR0OVJJLXYwV0dSSDQycld6UjNac2tJWXdkUDN4ZVk2N0JGaFYxbDNlZ1dOdDdzbmhjcUJpOThzeDQ4T3RxWndTSlVhYjJUZUlpVVJqdVRzajVfX2NLeWFRb2xQMHdqVjZnMVRDXzF5dkJhOEJLUHZRNHhOLUQ4Z05TTVpab25UWnZ0YVE5UUE2ZGNnVkRZUHNJdlHSAbMBQVVfeXFMTTVFZ2NNQi1QaHNZbWxCaWZ2WHB6V2dRay1jaTB0UEFzYmJFeXIxUUQtTkQxdDJBLUN6ekl0Zl9mRmRkblJkbHVwRy1oV0QwQ3U5YnBoY1pzRFFCQ2FJeDRGUTBkRmtNMjdMNzRLV3lqb0VfUFVoUmRDZE9yczI5clhtOV84RXJvUmpCUDJxNlRTZWpPTGJ4NTlsOHhYS1JOMmZJVDRkNHR2eHIxZWNSdlpLQWs?oc=5\" target=\"_blank\" rel=\"nofollow noopener\">OFICIAL: Mois\u00e9s Concei\u00e7\u00e3o refor\u00e7a Amarante<\/a>&nbsp;&nbsp;Maisfutebol<\/li>\n<li><a href=\"https:\/\/news.google.com\/rss\/articles\/CBMiogFBVV95cUxNcTZSLUsxMW1rRGQ0eExrS3JFX3FtaHBwdGNFZlE4bzFqTG9oNHFySEdEZVU3LXFLNktlVlJtQjRQb3lfTDFXdWMwVy1GamxQZmI4Y0RYLTdxM0ExU3l6SmZqNHJrSmQ1VkpOVG5lRGU2NU11enNMbVpsaEltWUpycWUzNWw0LXdlUnRpTjhpamEwZGxRWl9KSTRHc1VhRjJ4VGfSAZMBQVVfeXFMUDZucjc1TGszZXNCMkpIQ29XYnpxdzM4VDN5d0RQSTVUaTZIbl93YXlMbzV6VFlmOVFKYm5pbUFyWm5KTGI2THBmZ0Mtai1fLTU4VEdoR0hPYms5eEZiMExYOTV1V3FncHBTNWZSX2RHUXJmTzN1LTEtSnFSYUF3S1Nlc2QzLVJsVjVMc0xjWUNUbFdB?oc=5\" target=\"_blank\" rel=\"nofollow noopener\">Mois\u00e9s Concei\u00e7\u00e3o deixou o Cinf\u00e3es e vai jogar na Liga 3<\/a>&nbsp;&nbsp;O Jogo<\/li>\n<li><a href=\"https:\/\/news.google.com\/rss\/articles\/CBMirgFBVV95cUxNTWl5MG5lU2NnTjFWeGQ3RG5nX0oxNFpLMmZHVkJfTkRJNkd4c2wzUXVqYUtHWEdEU2Q4UnVvQTB4cndnd1lfWEJyS2RoRnZVWU1CeVNsNmNUNWktazNwSVFtNTVNbXAxeFN3SWtrcGZhNWRxYnRWTFlYMXd6c3BCUXZRal8xSmFxT0QwNHlOWlVGV2p2c3lTYkJBT0dLSEE2WWRSeUQ5cnptWi1LOGc?oc=5\" target=\"_blank\" rel=\"nofollow noopener\">Clube Desportivo de Cinf\u00e3es anuncia sa\u00edda de Mois\u00e9s Concei\u00e7\u00e3o<\/a>&nbsp;&nbsp;SAPO<\/li>\n<\/ol>\n","protected":false},"excerpt":{"rendered":"Tr\u00eas meses ap\u00f3s chegar, filho de S\u00e9rgio Concei\u00e7\u00e3o abandona Cinf\u00e3es&nbsp;&nbsp;zerozero.pt Filho de S\u00e9rgio Concei\u00e7\u00e3o pediu para sair do&hellip;\n","protected":false},"author":2,"featured_media":151949,"comment_status":"","ping_status":"","sticky":false,"template":"","format":"standard","meta":{"footnotes":""},"categories":[87],"tags":[3056,2685,135,16996,870,2698,526,31454,524,1003,6027,13,32,33,527,31535,525,134,31536,2697,523],"class_list":{"0":"post-151948","1":"post","2":"type-post","3":"status-publish","4":"format-standard","5":"has-post-thumbnail","7":"category-desporto","8":"tag-ao-vivo","9":"tag-bola","10":"tag-desporto","11":"tag-europeu","12":"tag-eventos","13":"tag-fifa","14":"tag-football","15":"tag-forum","16":"tag-futebol","17":"tag-liga-dos-campeoes","18":"tag-mundial","19":"tag-noticias","20":"tag-portugal","21":"tag-pt","22":"tag-resultados","23":"tag-resultados-em-directo","24":"tag-soccer","25":"tag-sports","26":"tag-torneios","27":"tag-uefa","28":"tag-zerozero"},"share_on_mastodon":{"url":"https:\/\/pubeurope.com\/@pt\/115549325452752407","error":""},"_links":{"self":[{"href":"https:\/\/www.europesays.com\/pt\/wp-json\/wp\/v2\/posts\/151948","targetHints":{"allow":["GET"]}}],"collection":[{"href":"https:\/\/www.europesays.com\/pt\/wp-json\/wp\/v2\/posts"}],"about":[{"href":"https:\/\/www.europesays.com\/pt\/wp-json\/wp\/v2\/types\/post"}],"author":[{"embeddable":true,"href":"https:\/\/www.europesays.com\/pt\/wp-json\/wp\/v2\/users\/2"}],"replies":[{"embeddable":true,"href":"https:\/\/www.europesays.com\/pt\/wp-json\/wp\/v2\/comments?post=151948"}],"version-history":[{"count":0,"href":"https:\/\/www.europesays.com\/pt\/wp-json\/wp\/v2\/posts\/151948\/revisions"}],"wp:featuredmedia":[{"embeddable":true,"href":"https:\/\/www.europesays.com\/pt\/wp-json\/wp\/v2\/media\/151949"}],"wp:attachment":[{"href":"https:\/\/www.europesays.com\/pt\/wp-json\/wp\/v2\/media?parent=151948"}],"wp:term":[{"taxonomy":"category","embeddable":true,"href":"https:\/\/www.europesays.com\/pt\/wp-json\/wp\/v2\/categories?post=151948"},{"taxonomy":"post_tag","embeddable":true,"href":"https:\/\/www.europesays.com\/pt\/wp-json\/wp\/v2\/tags?post=151948"}],"curies":[{"name":"wp","href":"https:\/\/api.w.org\/{rel}","templated":true}]}}