{"id":15195,"date":"2025-08-04T08:15:06","date_gmt":"2025-08-04T08:15:06","guid":{"rendered":"https:\/\/www.europesays.com\/pt\/15195\/"},"modified":"2025-08-04T08:15:06","modified_gmt":"2025-08-04T08:15:06","slug":"ceo-da-apple-tentou-galvanizar-funcionarios-para-vitoria-na-ia","status":"publish","type":"post","link":"https:\/\/www.europesays.com\/pt\/15195\/","title":{"rendered":"CEO da Apple tentou &#8216;galvanizar&#8217; funcion\u00e1rios para &#8216;vit\u00f3ria&#8217; na IA"},"content":{"rendered":"<p>Depois da apresenta\u00e7\u00e3o de resultados financeiros da semana passada, o CEO da Apple, Tim Cook, decidiu reunir-se com os funcion\u00e1rios onde sublinhou a import\u00e2ncia de a empresa ser bem-sucedida na \u00e1rea da Intelig\u00eancia Artificial.<\/p>\n<p>\u00a0<\/p>\n<p>\u201cA Apple tem de fazer isto. A Apple far\u00e1 isto. Isto \u00e9 nosso para agarrar. Avan\u00e7aremos com o investimento para o fazermos\u201d, declarou Cook a respeito das iniciativas da Apple para desenvolver Intelig\u00eancia Artificial.<\/p>\n<p>Serve recordar que a Apple tem tido algumas dificuldades no lan\u00e7amento de funcionalidades de Intelig\u00eancia Artificial, vendo-se at\u00e9 obrigada a adiar a chegada de algumas novidades como \u00e9 o caso da nova gera\u00e7\u00e3o da assistente digital Siri.<\/p>\n<p>Este \u2018atraso\u2019 da Apple no lan\u00e7amento de funcionalidades de Intelig\u00eancia Artificial, todavia, n\u00e3o parece ser encarado por Cook como um factor que levar\u00e1 a empresa a n\u00e3o conseguir competir com empresas como a OpenAI, a Meta, a Microsoft, a Google ou a Amazon. Conta o jornalista Mark Gurman da Bloomberg que, durante o discurso, Cook apontou para a hist\u00f3ria da Apple enquanto empresa que, apesar de raramente ter sido a primeira, conseguiu distinguir-se das concorrentes.<\/p>\n<p>\u201cRaramente fomos os primeiros. Houve o PC antes do Mac; houve o \u2018smartphone\u2019 antes do iPhone; houve v\u00e1rios tablets antes do iPad; houve o MP3 antes do iPod\u201d, notou Cook, que afirmou ainda que coube \u00e0 Apple a inven\u00e7\u00e3o das vers\u00f5es \u201cmodernas\u201d desses produtos. \u201c\u00c9 assim que me sinto a respeito da Intelig\u00eancia Artificial\u201d.<\/p>\n<p>Leia Tamb\u00e9m: <a href=\"https:\/\/www.noticiasaominuto.com\/tech\/2831523\/apple-esta-aberta-a-possibilidade-de-comprar-empresas-de-ia\" target=\"_blank\" rel=\"noopener noreferrer nofollow\">Apple est\u00e1 &#8220;aberta&#8221; \u00e0 possibilidade de comprar empresas de IA<\/a><\/p>\n","protected":false},"excerpt":{"rendered":"Depois da apresenta\u00e7\u00e3o de resultados financeiros da semana passada, o CEO da Apple, Tim Cook, decidiu reunir-se com&hellip;\n","protected":false},"author":2,"featured_media":15196,"comment_status":"","ping_status":"","sticky":false,"template":"","format":"standard","meta":{"footnotes":""},"categories":[84],"tags":[109,107,108,32,33,105,103,104,106,110],"class_list":{"0":"post-15195","1":"post","2":"type-post","3":"status-publish","4":"format-standard","5":"has-post-thumbnail","7":"category-ciencia-e-tecnologia","8":"tag-ciencia","9":"tag-ciencia-e-tecnologia","10":"tag-cienciaetecnologia","11":"tag-portugal","12":"tag-pt","13":"tag-science","14":"tag-science-and-technology","15":"tag-scienceandtechnology","16":"tag-technology","17":"tag-tecnologia"},"share_on_mastodon":{"url":"","error":""},"_links":{"self":[{"href":"https:\/\/www.europesays.com\/pt\/wp-json\/wp\/v2\/posts\/15195","targetHints":{"allow":["GET"]}}],"collection":[{"href":"https:\/\/www.europesays.com\/pt\/wp-json\/wp\/v2\/posts"}],"about":[{"href":"https:\/\/www.europesays.com\/pt\/wp-json\/wp\/v2\/types\/post"}],"author":[{"embeddable":true,"href":"https:\/\/www.europesays.com\/pt\/wp-json\/wp\/v2\/users\/2"}],"replies":[{"embeddable":true,"href":"https:\/\/www.europesays.com\/pt\/wp-json\/wp\/v2\/comments?post=15195"}],"version-history":[{"count":0,"href":"https:\/\/www.europesays.com\/pt\/wp-json\/wp\/v2\/posts\/15195\/revisions"}],"wp:featuredmedia":[{"embeddable":true,"href":"https:\/\/www.europesays.com\/pt\/wp-json\/wp\/v2\/media\/15196"}],"wp:attachment":[{"href":"https:\/\/www.europesays.com\/pt\/wp-json\/wp\/v2\/media?parent=15195"}],"wp:term":[{"taxonomy":"category","embeddable":true,"href":"https:\/\/www.europesays.com\/pt\/wp-json\/wp\/v2\/categories?post=15195"},{"taxonomy":"post_tag","embeddable":true,"href":"https:\/\/www.europesays.com\/pt\/wp-json\/wp\/v2\/tags?post=15195"}],"curies":[{"name":"wp","href":"https:\/\/api.w.org\/{rel}","templated":true}]}}