{"id":151957,"date":"2025-11-14T18:02:17","date_gmt":"2025-11-14T18:02:17","guid":{"rendered":"https:\/\/www.europesays.com\/pt\/151957\/"},"modified":"2025-11-14T18:02:17","modified_gmt":"2025-11-14T18:02:17","slug":"bruna-marquezine-desabafa-sobre-medo-de-envelhecer-e-vontade-de-ser-mae-muito-cruel","status":"publish","type":"post","link":"https:\/\/www.europesays.com\/pt\/151957\/","title":{"rendered":"Bruna Marquezine desabafa sobre medo de envelhecer e vontade de ser m\u00e3e: &#8216;Muito cruel&#8217;"},"content":{"rendered":"<p><\/p>\n<p class=\"texto\">Bruna Marquezine abriu o cora\u00e7\u00e3o e desabafou de forma sincera ao refletir sobre a famosa crise dos 30 anos. A atriz, que completou em agosto deste ano, refletiu sobre a dificuldade de lidar com o novo ciclo em meio a press\u00e3o da sociedade.<\/p>\n<p class=\"texto\">&#8220;Quando eu tinha 28 ou 29 anos eu comecei a me questionar sobre algumas coisas e eu ficava chateada por estar me questionando sobre o que ia mudar. E \u00e9 meio doido, porque a ind\u00fastria fica mandando sinais de que voc\u00ea est\u00e1 envelhecendo\u2026 Com 28 anos!&#8221;, iniciou a artista, durante participa\u00e7\u00e3o no programa Ang\u00e9lica Ao Vivo, do GNT, nesta \u00faltima quinta-feira (13).<\/p>\n<p class=\"texto\">&#8220;\u00c9 uma realidade para mulher que \u00e9 muito cruel, e eu me vi me questionando sobre isso. E eu quero ser m\u00e3e: a\u00ed bate a loucura e voc\u00ea pode encontrar um m\u00e9dico indelicado que vai falar sobre o tempo. Mas assim que eu fiz 30 anos, eu achei o m\u00e1ximo&#8221;, relembrou Bruna Marquezine.<\/p>\n<p class=\"texto\"><strong><a href=\"https:\/\/whatsapp.com\/channel\/0029VaB1U9a002T64ex1Sy2w\" target=\"_blank\" rel=\"nofollow noopener\">Siga o canal do Correio no WhatsApp e receba as principais not\u00edcias do dia no seu celular<\/a><\/strong><\/p>\n<p class=\"texto\">Al\u00e9m de Marquezine, os atores Heloisa P\u00e9riss\u00e9 e Marcos Palmeira tamb\u00e9m participaram do programa comandado por Ang\u00e9lica, e a vil\u00e3 da novela \u00cata Mundo Melhor! refletiu sobre o assunto: &#8220;Sou uma mulher 60 menos e preciso dizer que nunca estive t\u00e3o bem na minha vida! Estamos na segunda adolesc\u00eancia, que \u00e9 a melhor: j\u00e1 temos nosso dinheiro, estamos consolidada na profiss\u00e3o e j\u00e1 sabemos que n\u00e3o morremos de amor, ent\u00e3o daqui para frente \u00e9 s\u00f3 sucesso&#8221;, declarou ela, com bom humor.<\/p>\n<p class=\"texto\">\u00a0<\/p>\n<ul>\n<li><a href=\"https:\/\/wa.me\/?text=Bruna+Marquezine+desabafa+sobre+medo+de+envelhecer+e+vontade+de+ser+m%C3%A3e%3A+%22Muito+cruel%22%20https:\/\/www.correiobraziliense.com.br\/diversao-e-arte\/2025\/11\/7292456-bruna-marquezine-desabafa-sobre-medo-de-envelhecer-e-vontade-de-ser-mae-muito-cruel.html\" target=\"_blank\" title=\"Whatsapp\" aria-label=\"WhatsApp\" rel=\"nofollow noopener\"><\/a><\/li>\n<li><a href=\"https:\/\/www.facebook.com\/sharer.php?u=https:\/\/www.correiobraziliense.com.br%2Fdiversao-e-arte%2F2025%2F11%2F7292456-bruna-marquezine-desabafa-sobre-medo-de-envelhecer-e-vontade-de-ser-mae-muito-cruel.html&amp;text=Bruna+Marquezine+desabafa+sobre+medo+de+envelhecer+e+vontade+de+ser+m%C3%A3e%3A+%22Muito+cruel%22\" target=\"_blank\" title=\"Facebook\" aria-label=\"Facebook\" rel=\"nofollow noopener\"><\/a><\/li>\n<li><a href=\"https:\/\/twitter.com\/intent\/tweet?url=https:\/\/www.correiobraziliense.com.br%2Fdiversao-e-arte%2F2025%2F11%2F7292456-bruna-marquezine-desabafa-sobre-medo-de-envelhecer-e-vontade-de-ser-mae-muito-cruel.html&amp;text=Bruna+Marquezine+desabafa+sobre+medo+de+envelhecer+e+vontade+de+ser+m%C3%A3e%3A+%22Muito+cruel%22\" target=\"_blank\" title=\"Twitter\" aria-label=\"Twitter\" rel=\"nofollow noopener\"><\/a><\/li>\n<li><a href=\"https:\/\/profile.google.com\/cp\/CgovbS8wNzZ0dms1\" title=\"Google Discover\" target=\"_blank\" aria-label=\"Google Discover\" rel=\"nofollow noopener\"><img decoding=\"async\" src=\"https:\/\/www.europesays.com\/pt\/wp-content\/uploads\/2025\/11\/1762975755_52_google-discover-icon.png\" style=\"height: 25px; margin: 0 !important; margin-left: 3px;\" alt=\"Google Discover Icon\"\/><\/a><\/li>\n<\/ul>\n<p>              <a href=\"https:\/\/www.correiobraziliense.com.br\/autor\/observatorio-dos-famosos\/page\/1\/\" style=\"height: 100%;\" rel=\"nofollow noopener\" target=\"_blank\"><img decoding=\"async\" class=\"hidden-print author-circle d-block h6 mt-0 mb-0 mr-6 text-center\" src=\"https:\/\/www.europesays.com\/pt\/wp-content\/uploads\/2025\/07\/logo_observatorio_dos_famosos-29028262.png\" alt=\"\" width=\"40\" height=\"40\" loading=\"lazy\" style=\"object-fit:cover; width: 40px; height: 40px; margin-right:10px;\"\/><\/a><a href=\"https:\/\/www.correiobraziliense.com.br\/autor\/observatorio-dos-famosos\/page\/1\/\" rel=\"nofollow noopener\" target=\"_blank\"><img decoding=\"async\" class=\"hidden-print author-circle d-block h6 mt-0 mb-0 mr-6 text-center\" src=\"https:\/\/www.europesays.com\/pt\/wp-content\/uploads\/2025\/07\/logo_observatorio_dos_famosos-29028262.png\" alt=\"\" width=\"40\" height=\"40\" loading=\"lazy\" style=\"object-fit:cover; width: 40px; height: 40px; margin-right:10px;\"\/><\/a>Observat\u00f3rio dos Famosos  <strong class=\"entryStrongAuthor\"\/><\/p>\n<p>                          <script async src=\"https:\/\/platform.twitter.com\/widgets.js\" charset=\"utf-8\"><\/script><\/p>\n","protected":false},"excerpt":{"rendered":"Bruna Marquezine abriu o cora\u00e7\u00e3o e desabafou de forma sincera ao refletir sobre a famosa crise dos 30&hellip;\n","protected":false},"author":2,"featured_media":151958,"comment_status":"","ping_status":"","sticky":false,"template":"","format":"standard","meta":{"footnotes":""},"categories":[142],"tags":[3863,114,115,32,33,151],"class_list":{"0":"post-151957","1":"post","2":"type-post","3":"status-publish","4":"format-standard","5":"has-post-thumbnail","7":"category-tv","8":"tag-bruna-marquezine","9":"tag-entertainment","10":"tag-entretenimento","11":"tag-portugal","12":"tag-pt","13":"tag-tv"},"share_on_mastodon":{"url":"https:\/\/pubeurope.com\/@pt\/115549369139916144","error":""},"_links":{"self":[{"href":"https:\/\/www.europesays.com\/pt\/wp-json\/wp\/v2\/posts\/151957","targetHints":{"allow":["GET"]}}],"collection":[{"href":"https:\/\/www.europesays.com\/pt\/wp-json\/wp\/v2\/posts"}],"about":[{"href":"https:\/\/www.europesays.com\/pt\/wp-json\/wp\/v2\/types\/post"}],"author":[{"embeddable":true,"href":"https:\/\/www.europesays.com\/pt\/wp-json\/wp\/v2\/users\/2"}],"replies":[{"embeddable":true,"href":"https:\/\/www.europesays.com\/pt\/wp-json\/wp\/v2\/comments?post=151957"}],"version-history":[{"count":0,"href":"https:\/\/www.europesays.com\/pt\/wp-json\/wp\/v2\/posts\/151957\/revisions"}],"wp:featuredmedia":[{"embeddable":true,"href":"https:\/\/www.europesays.com\/pt\/wp-json\/wp\/v2\/media\/151958"}],"wp:attachment":[{"href":"https:\/\/www.europesays.com\/pt\/wp-json\/wp\/v2\/media?parent=151957"}],"wp:term":[{"taxonomy":"category","embeddable":true,"href":"https:\/\/www.europesays.com\/pt\/wp-json\/wp\/v2\/categories?post=151957"},{"taxonomy":"post_tag","embeddable":true,"href":"https:\/\/www.europesays.com\/pt\/wp-json\/wp\/v2\/tags?post=151957"}],"curies":[{"name":"wp","href":"https:\/\/api.w.org\/{rel}","templated":true}]}}